{"id":66564,"date":"2019-11-05T05:43:46","date_gmt":"2019-11-05T10:43:46","guid":{"rendered":"https:\/\/linitiative.ca\/International\/congres-du-pps-de-la-region-meknes-fes\/"},"modified":"2019-11-05T05:43:46","modified_gmt":"2019-11-05T10:43:46","slug":"congres-du-pps-de-la-region-meknes-fes","status":"publish","type":"post","link":"https:\/\/linitiative.ca\/International\/congres-du-pps-de-la-region-meknes-fes\/","title":{"rendered":"Congr\u00e8s du PPS de la r\u00e9gion Mekn\u00e8s-F\u00e8s"},"content":{"rendered":"<p class=\"has-text-color has-vivid-red-color c2\"><strong>Benabdellah met en garde contre les tentatives d\u2019assi\u00e9ger les partis politiques<\/strong><\/p>\n<p class=\"has-text-color has-vivid-cyan-blue-color\"><strong>A l\u2019occasion de la tenue, dimanche dernier, du Congr\u00e8s du PPS de la R\u00e9gion Mekn\u00e8s-F\u00e8s, le Secr\u00e9taire g\u00e9n\u00e9ral du Parti du livre a mis en garde contre les tentatives d\u2019assi\u00e9ger les partis politiques et de r\u00e9duire leur r\u00f4le en tant que m\u00e9diateur entre l\u2019Etat et le peuple. Mohamed Nabil Benabdallah a tir\u00e9 la sonnette d\u2019alarme sur la poursuite de cette situation et les tensions sociales, difficilement ma\u00eetrisables, qu\u2019elle pourrait entrainer.<\/strong><\/p>\n<p>Le recours aux technocrates, dans le dernier gouvernement remani\u00e9, auquel des marges de man\u0153uvres plus importantes sont accord\u00e9es, s\u2019accompagne, malheureusement, d\u2019une restriction de l\u2019action des \u00e9lus. Ce comportement traduit, selon le leader du PPS, un \u00abmanque de volont\u00e9 politique r\u00e9elle pour parvenir \u00e0 une v\u00e9ritable d\u00e9mocratie\u00bb.<\/p>\n<p>Et pour preuve, apr\u00e8s la mise en \u0153uvre de la d\u00e9centralisation et de la d\u00e9concentration telles que consacr\u00e9es par la Constitution, l\u2019on se demande quel sort leur a \u00e9t\u00e9 r\u00e9serv\u00e9 ainsi\u00a0 que\u00a0 la r\u00e9gionalisation avanc\u00e9e\u2026 Il est clair, et \u00ables pr\u00e9sidents des r\u00e9gions en parlent ouvertement, les conseils r\u00e9gionaux sont strictement contr\u00f4l\u00e9s par l\u2019administration centrale et ne jouissent d\u2019aucune libert\u00e9\u00bb. D\u2019o\u00f9 l\u2019imp\u00e9ratif d\u2019\u00f4ter \u00abla mainmise de l\u2019administration centrale et de son contr\u00f4le\u00bb abusif.<\/p>\n<p>Nous avons besoin \u00abde cr\u00e9dibilit\u00e9 pour rendre \u00e0 la politique et \u00e0 l\u2019exercice de l\u2019action des \u00e9lus leurs lettres de noblesse\u00bb, a poursuivi le Secr\u00e9taire g\u00e9n\u00e9ral du PPS.<\/p>\n<p>\u00abIl est vrai que la question d\u2019ordonnateur de versement des revenus et des d\u00e9penses a \u00e9t\u00e9 confi\u00e9e aux pr\u00e9sidents des r\u00e9gions, sous r\u00e9serve d\u2019obtenir l\u2019approbation des repr\u00e9sentants de l\u2019Etat (wilaya). C\u2019est ce qui repr\u00e9sente une pression plus forte sur les conseils r\u00e9gionaux, comparativement avec ce qui se passait quand l\u2019ordonnateur \u00e9tait une comp\u00e9tence de la wilaya.<\/p>\n<div class=\"wp-block-image\"><img decoding=\"async\" src=\"http:\/\/albayane.press.ma\/wp-content\/uploads\/acc06598-3df0-4e2d-b0c1-00315791ecde.jpg\" alt=\"\" class=\"wp-image-82693\"\/><\/div>\n<p>Benabdallah a attribu\u00e9 la privation des \u00e9lus des comp\u00e9tences qui devraient \u00eatre les leurs, notamment les pouvoirs dont ils devraient jouir, au manque de confiance de l\u2019administration centrale, consid\u00e9rant qu\u2019il s\u2019agit, l\u00e0, d\u2019une \u00abgrave erreur\u00bb. Avant de rajouter qu\u2019il y a un choix \u00e0 faire: \u00eatre ou ne pas \u00eatre d\u00e9mocrate. \u00abEt si nous voulons une d\u00e9mocratie authentique, l\u2019on doit faire confiance aux \u00e9lus que le peuple choisit\u00bb. Et si nous n\u2019en voulons pas, \u00ables comportements pervers et marginaux se trouvent dans tous les espaces et pas uniquement dans le domaine politique.<\/p>\n<p><strong>L\u2019Etat doit recourir \u00e0 la Justice en cas d\u2019actes anormaux\u00bb<\/strong><\/p>\n<p>Et d\u2019encha\u00eener : \u00abIl y en a assez de taxer les hommes politiques de malhonn\u00eates. Et c\u2019est \u00e0 l\u2019Etat de recourir \u00e0 la justice quand il s\u2019agit d\u2019actes anormaux ou malsains. Sauf que \u00abla justice doit \u00eatre un espace ind\u00e9pendant et impartial et que la reddition des comptes ne soit pas une occasion pour des r\u00e8glements de comptes avec des partis politiques au profit de telle ou telle formation partisane.<\/p>\n<p>Il a mis l\u2019accent sur les \u00abinsuffisances structurelles\u00bb dues \u00e0 la priorit\u00e9 donn\u00e9e \u00e0 l\u2019axe Agadir \u2013Tanger au d\u00e9triment des villes et r\u00e9gions de l\u2019int\u00e9rieur, comme celle de F\u00e8s, qui n\u2019ont pas eu leur part du d\u00e9veloppement. Et de revendiquer une autre alternative qui fait que \u00abil n\u2019y aura pas de d\u00e9veloppement du Maroc, sans une prise en compte et un accompagnement des autres r\u00e9gions, comme le fut la r\u00e9gion Tanger-T\u00e9touan, signalant, \u00e0 titre d\u2019exemple, que le \u00abprobl\u00e8me des ressources hydriques dans la r\u00e9gion concerne une centaine de milliers de familles et que la ville finira par exploser, face \u00e0 l\u2019exode rural\u2026\u00bb.<\/p>\n<p>Benabdallah est revenu sur le gouvernement remani\u00e9 et sur les raisons qui avaient pouss\u00e9 le PPS \u00e0 quitter l\u2019Ex\u00e9cutif dirig\u00e9 par El Otmani, en insistant sur le fait qu\u2019il ne r\u00e9agissait pas aux \u00abnombreux et multiples appels que le PPS avait lanc\u00e9s\u00bb, rest\u00e9s sans \u00e9chos.<\/p>\n<p>Dans ces appels, nous affirmions que \u00abla politique ne consiste pas en le fait de raser les murs pour se dissimuler. Cette politique n\u2019est pas de mise, pas plus que la politique de l\u2019apaisement pour assurer la continuit\u00e9\u00bb.<\/p>\n<p>Par contre, la politique doit s\u2019exercer par un souffle politique fort et une pr\u00e9sence politique sur le terrain. Le leader du PPS a \u00e9galement critiqu\u00e9 le gouvernement pour \u00ab son incapacit\u00e9 \u00e0 cr\u00e9er un climat de confiance, en particulier dans le milieu de la finance et des affaires. Ce qui a entra\u00een\u00e9 le d\u00e9clin de l\u2019investissement national.<\/p>\n<p>\u00abCe d\u00e9clin signifie qu\u2019il y a un probl\u00e8me de confiance, au point que nous ne savons plus o\u00f9 les choses vont ni comment la situation \u00e9voluera\u00bb.<\/p>\n<p class=\"has-text-color has-vivid-red-color c2\">***<\/p>\n<p class=\"has-text-color has-vivid-red-color c2\"><strong>Bouaasria \u00e9lu secr\u00e9taire r\u00e9gional de la r\u00e9gion Mekn\u00e8s-F\u00e8s du PPS<\/strong><\/p>\n<div class=\"wp-block-image\"><img decoding=\"async\" src=\"http:\/\/albayane.press.ma\/wp-content\/uploads\/Abderrahim-Bouasria.jpg\" alt=\"\" class=\"wp-image-82692\"\/><\/div>\n<p>Signalons, enfin, que le Congr\u00e8s r\u00e9gional de la R\u00e9gion Mekn\u00e8s-F\u00e8s du PPS s\u2019est tenu, dimanche dans la capitale spirituelle, sous le slogan \u00abLa r\u00e9gionalisation et les d\u00e9fis du nouveau mod\u00e8le de d\u00e9veloppement\u00bb. Le Congr\u00e8s a \u00e9t\u00e9 organis\u00e9, sous la pr\u00e9sidence du Secr\u00e9taire g\u00e9n\u00e9ral du Parti, en pr\u00e9sence d\u2019une importante d\u00e9l\u00e9gation du Bureau politique du PPS et des deux parlementaires du PPS dans la r\u00e9gion, les camarades Hamouni Rachid et Abdallah El Bouzidi, ainsi que de certains acteurs de la soci\u00e9t\u00e9 civile et politique de la r\u00e9gion et d\u2019une pr\u00e9sence m\u00e9diatique importante.<\/p>\n<p>Soulignons \u00e9galement que ce congr\u00e8s r\u00e9gional a connu un grand succ\u00e8s aussi bien lors de la s\u00e9ance inaugurale que lors des d\u00e9bats ayant marqu\u00e9 ses travaux, qui a traduit le s\u00e9rieux travail accompli par la Commission pr\u00e9paratoire.<\/p>\n<p>Signalons, enfin, les congressistes ont \u00e9lu, \u00e0 l\u2019issue des travaux, le Conseil r\u00e9gional qui, \u00e0 son tour, a choisi le camarade Abderrahim Bouaasria en tant que secr\u00e9taire r\u00e9gional du PPS de la R\u00e9gion F\u00e8s- Mekn\u00e8s. Le congr\u00e8s a clos ses travaux par l\u2019adoption, \u00e0 l\u2019unanimit\u00e9, de la motion finale du Congr\u00e8s.<\/p>\n<p>Auteur: M&rsquo;hammed rahal<br \/>\n<a href=\"http:\/\/albayane.press.ma\/congres-du-pps-de-la-region-meknes-fes.html\">Cliquez ici pour lire l&rsquo;article depuis sa source.<\/a><\/p>\n","protected":false},"excerpt":{"rendered":"<p>Benabdellah met en garde contre les tentatives d\u2019assi\u00e9ger les partis politiques A l\u2019occasion de la tenue, dimanche dernier, du Congr\u00e8s du PPS de la R\u00e9gion Mekn\u00e8s-F\u00e8s, le Secr\u00e9taire g\u00e9n\u00e9ral du Parti du livre a mis en garde contre les tentatives d\u2019assi\u00e9ger les partis politiques et de r\u00e9duire leur r\u00f4le en tant que m\u00e9diateur entre l\u2019Etat [&hellip;]<\/p>\n","protected":false},"author":1760,"featured_media":66565,"comment_status":"closed","ping_status":"closed","sticky":false,"template":"","format":"standard","meta":{"fifu_image_url":"","fifu_image_alt":"","footnotes":""},"categories":[73,54],"tags":[],"class_list":["post-66564","post","type-post","status-publish","format-standard","has-post-thumbnail","hentry","category-actualite","category-maroc"],"_links":{"self":[{"href":"https:\/\/linitiative.ca\/International\/wp-json\/wp\/v2\/posts\/66564","targetHints":{"allow":["GET"]}}],"collection":[{"href":"https:\/\/linitiative.ca\/International\/wp-json\/wp\/v2\/posts"}],"about":[{"href":"https:\/\/linitiative.ca\/International\/wp-json\/wp\/v2\/types\/post"}],"author":[{"embeddable":true,"href":"https:\/\/linitiative.ca\/International\/wp-json\/wp\/v2\/users\/1760"}],"replies":[{"embeddable":true,"href":"https:\/\/linitiative.ca\/International\/wp-json\/wp\/v2\/comments?post=66564"}],"version-history":[{"count":0,"href":"https:\/\/linitiative.ca\/International\/wp-json\/wp\/v2\/posts\/66564\/revisions"}],"wp:featuredmedia":[{"embeddable":true,"href":"https:\/\/linitiative.ca\/International\/wp-json\/"}],"wp:attachment":[{"href":"https:\/\/linitiative.ca\/International\/wp-json\/wp\/v2\/media?parent=66564"}],"wp:term":[{"taxonomy":"category","embeddable":true,"href":"https:\/\/linitiative.ca\/International\/wp-json\/wp\/v2\/categories?post=66564"},{"taxonomy":"post_tag","embeddable":true,"href":"https:\/\/linitiative.ca\/International\/wp-json\/wp\/v2\/tags?post=66564"}],"curies":[{"name":"wp","href":"https:\/\/api.w.org\/{rel}","templated":true}]}}