{"id":66566,"date":"2019-11-05T05:48:31","date_gmt":"2019-11-05T10:48:31","guid":{"rendered":"https:\/\/linitiative.ca\/International\/le-genie-des-ultras-du-football\/"},"modified":"2019-11-05T05:48:31","modified_gmt":"2019-11-05T10:48:31","slug":"le-genie-des-ultras-du-football","status":"publish","type":"post","link":"https:\/\/linitiative.ca\/International\/le-genie-des-ultras-du-football\/","title":{"rendered":"Le g\u00e9nie des Ultras du football"},"content":{"rendered":"<p class=\"has-text-color has-vivid-cyan-blue-color\"><strong>Le derby casablancais aura fascin\u00e9 toute la plan\u00e8te, non pas par les acteurs sur l\u2019aire de jeu, mais par les prodiges des gradins. Les tifosis des deux clubs prestigieux de la capitale \u00e9conomique du royaume ont, de bout en bout, crev\u00e9 l\u2019\u00e9cran par des airs de sublimit\u00e9 \u00e0 couper le souffle, en mati\u00e8re de recherche cr\u00e9ative.<\/strong><\/p>\n<p>Des dizaines de milliers de jeunes qui enfantent dans l\u2019enceinte du temple archi-comble que les casablancais pr\u00e9f\u00e8rent garder sous le nom mythique de \u00abDonor\u00bb, des images hallucinantes, en chants et mouvements d\u2019une synchronie abracadabrante. Mieux encore, ces fans de d\u00e9lirants et hyst\u00e9riques s\u2019en vont fouiner aussi dans le patrimoine national ou encore dans les contes de la mythologie grecque, les romans classique des g\u00e9nies de l\u2019\u00e9cole de l\u2019absurde telle la \u00abcantatrice chauve\u00bb de Eug\u00e8ne Ionesco\u2026D\u2019autres, encore plus \u00abpolitis\u00e9s\u00bb vont vocif\u00e9rer les conditions mis\u00e9reuses des souches d\u00e9sh\u00e9rit\u00e9 de la soci\u00e9t\u00e9 marocaine, dans un refrain et une sonorit\u00e9 \u00e9poustouflante\u2026<\/p>\n<p>D\u2019o\u00f9 vont-ils d\u00e9nicher ces splendeurs de l\u2019universalit\u00e9 plan\u00e9taire\u00a0? Qui a r\u00e9dig\u00e9 en vers syllabiques de ces po\u00e8mes et compos\u00e9 ces musicalit\u00e9s captivantes de main de ma\u00eetre\u00a0? Franchement, on s\u2019en trouve sans voix\u00a0! Ces jeunes qu\u2019on croyait \u00abprofanes\u00bb et qu\u2019on consid\u00e9rait comme de simples \u00abmordus\u00bb de la balle ronde, sans bagage id\u00e9el ne font que d\u00e9mentir la perception qu\u2019on ne finit pas d\u2019avoir \u00e0 leur \u00e9gard.<\/p>\n<p>Quoiqu\u2019on puisse dire, cette jeunesse de \u00abFrimija\u00bb et \u00abMagana\u00bb et certainement leurs pairs dans nombre de stades du pays, notamment \u00e0 Tanger, Agadir\u2026, est en passe d\u2019ass\u00e9ner des coups cinglants \u00e0 la \u00abcr\u00e9dulit\u00e9\u00bb des adultes. L\u2019image digne de pittoresques stades du globe tel Maracana au Br\u00e9sil ou encore Bernabeu en Espagne, fait fondre de fiert\u00e9 tout citoyen marocain, mais aussi d\u2019admiration tout \u00e9tranger qui vient se dessiner cette prodigalit\u00e9 de la jeunesse marocaine qui passe \u00e0 la 3D pour mettre en \u0153uvre toute la capacit\u00e9 intelligente et le g\u00e9nie d\u2019une g\u00e9n\u00e9ration.<\/p>\n<p>Merci pour le derby casablancais qui vient encore une fois, de rappeler ce dont la jeunesse marocaine est capable, de r\u00e9\u00e9diter ce dont elle est en mesure d\u2019aller donner de le\u00e7ons fracassantes d\u2019ouverture et de tol\u00e9rance, en creusant dans l\u2019histoire et la culture universelle et de faire revivre aux compatriotes les \u00e9pop\u00e9es de citoyennet\u00e9, en arborant haut et fort l\u2019hymne national et le fanion sacr\u00e9, mais \u00e9galement de refus contre l\u2019injustice et l\u2019oppression. Tout cela, dans l\u2019harmonie, la coh\u00e9rence et le g\u00e9nie!<\/p>\n<p>Auteur: M&rsquo;hammed rahal<br \/>\n<a href=\"http:\/\/albayane.press.ma\/le-genie-des-ultras-du-football.html\">Cliquez ici pour lire l&rsquo;article depuis sa source.<\/a><\/p>\n","protected":false},"excerpt":{"rendered":"<p>Le derby casablancais aura fascin\u00e9 toute la plan\u00e8te, non pas par les acteurs sur l\u2019aire de jeu, mais par les prodiges des gradins. Les tifosis des deux clubs prestigieux de la capitale \u00e9conomique du royaume ont, de bout en bout, crev\u00e9 l\u2019\u00e9cran par des airs de sublimit\u00e9 \u00e0 couper le souffle, en mati\u00e8re de recherche [&hellip;]<\/p>\n","protected":false},"author":1760,"featured_media":0,"comment_status":"closed","ping_status":"closed","sticky":false,"template":"","format":"standard","meta":{"fifu_image_url":"","fifu_image_alt":"","footnotes":""},"categories":[73,54],"tags":[],"class_list":["post-66566","post","type-post","status-publish","format-standard","hentry","category-actualite","category-maroc"],"_links":{"self":[{"href":"https:\/\/linitiative.ca\/International\/wp-json\/wp\/v2\/posts\/66566","targetHints":{"allow":["GET"]}}],"collection":[{"href":"https:\/\/linitiative.ca\/International\/wp-json\/wp\/v2\/posts"}],"about":[{"href":"https:\/\/linitiative.ca\/International\/wp-json\/wp\/v2\/types\/post"}],"author":[{"embeddable":true,"href":"https:\/\/linitiative.ca\/International\/wp-json\/wp\/v2\/users\/1760"}],"replies":[{"embeddable":true,"href":"https:\/\/linitiative.ca\/International\/wp-json\/wp\/v2\/comments?post=66566"}],"version-history":[{"count":0,"href":"https:\/\/linitiative.ca\/International\/wp-json\/wp\/v2\/posts\/66566\/revisions"}],"wp:attachment":[{"href":"https:\/\/linitiative.ca\/International\/wp-json\/wp\/v2\/media?parent=66566"}],"wp:term":[{"taxonomy":"category","embeddable":true,"href":"https:\/\/linitiative.ca\/International\/wp-json\/wp\/v2\/categories?post=66566"},{"taxonomy":"post_tag","embeddable":true,"href":"https:\/\/linitiative.ca\/International\/wp-json\/wp\/v2\/tags?post=66566"}],"curies":[{"name":"wp","href":"https:\/\/api.w.org\/{rel}","templated":true}]}}