{"id":66567,"date":"2019-11-05T05:54:50","date_gmt":"2019-11-05T10:54:50","guid":{"rendered":"https:\/\/linitiative.ca\/International\/des-artistes-cubains-amis-du-maroc-sactivent-pour-favoriser-la-cooperation-culturelle\/"},"modified":"2019-11-05T05:54:50","modified_gmt":"2019-11-05T10:54:50","slug":"des-artistes-cubains-amis-du-maroc-sactivent-pour-favoriser-la-cooperation-culturelle","status":"publish","type":"post","link":"https:\/\/linitiative.ca\/International\/des-artistes-cubains-amis-du-maroc-sactivent-pour-favoriser-la-cooperation-culturelle\/","title":{"rendered":"Des artistes cubains amis du Maroc s\u2019activent pour favoriser la coop\u00e9ration culturelle"},"content":{"rendered":"<p class=\"has-text-color has-vivid-cyan-blue-color\"><strong>Un groupe d\u2019artistes cubains amis du Maroc vient de voir le jour \u00e0 la Havane avec pour ambition de se servir de l\u2019art et de la culture comme passerelles pour favoriser l\u2019ouverture et le rapprochement des deux peuples dans le cadre de la diplomatie culturelle.<\/strong><\/p>\n<p>Constitu\u00e9e d\u2019une vingtaine d\u2019artistes de diff\u00e9rentes disciplines (cin\u00e9ma, th\u00e9\u00e2tre, art plastique, musique, chor\u00e9graphie, stylisme, radio et t\u00e9l\u00e9vision), cette structure compte \u0153uvrer pour associer d\u2019autres cr\u00e9ateurs cubains \u00e0 cette initiative de m\u00eame qu\u2019elle se propose de tisser des liens avec leurs homologues marocains en les invitant notamment \u00e0 visiter Cuba, a d\u00e9clar\u00e9 \u00e0 la MAP l\u2019ambassadeur du Maroc \u00e0 la Havane, Boughaleb El Attar.<\/p>\n<p>Le but est aussi d\u2019initier des projets culturels communs pour faire conna\u00eetre la production artistique cubaine au public marocain et promouvoir la fusion entre l\u2019art cubain et marocain.<\/p>\n<p>Un comit\u00e9 de suivi mis en place \u00e0 cette occasion se r\u00e9unira p\u00e9riodiquement pour assurer la r\u00e9alisation de ces projets notamment par la programmation de rencontres artistiques et la promotion de l\u2019art cubain au Maroc et l\u2019art marocain dans l\u2019\u00eele des Cara\u00efbes.<\/p>\n<p>El Attar a soulign\u00e9 l\u2019importance d\u2019une telle initiative pour rapprocher les artistes des deux pays et donner corps \u00e0 la diplomatie culturelle qui joue un r\u00f4le central et consacre l\u2019image du Maroc en tant que pays ouvert, moderne et mod\u00e9r\u00e9, sous le leadership de SM le Roi Mohammed VI. Cette coop\u00e9ration culturelle et artistique est de nature aussi, selon lui, \u00e0 baliser la voie aux autres domaines de coop\u00e9ration au service de la consolidation des liens entre les deux pays.<\/p>\n<p>S\u2019exprimant devant le groupe d\u2019artistes cubains, l\u2019ambassadeur du Maroc a pass\u00e9 en revue quelques dates marquantes de l\u2019histoire mill\u00e9naire du Royaume, soulignant la culture ancestrale et la diversit\u00e9 des expressions artistiques au Maroc qui puisent dans les diff\u00e9rents affluents de la culture marocaine: arabe, andalou, juif, africain, m\u00e9diterran\u00e9en et sahraoui.<\/p>\n<p>Le Maroc s\u2019est dot\u00e9 d\u2019une Constitution moderne qui consacre l\u2019Etat de droit et la s\u00e9paration des pouvoirs, renforce le respect des droits de l\u2019Homme et la promotion de l\u2019\u00e9galit\u00e9 entre les genres, a-t-il en outre relev\u00e9.<\/p>\n<p>Mettant en exergue la richesse et la diversit\u00e9 de la production culturelle et artistique au Maroc et les diff\u00e9rentes tendances de son art plastique, M. El Attar a relev\u00e9 que cette diversit\u00e9 culturelle a donn\u00e9 naissance \u00e0 un mod\u00e8le culturel unique, dont le capital mat\u00e9riel et immat\u00e9riel a fait du Royaume une terre de tol\u00e9rance, de vivre ensemble et de cohabitation pacifique.<\/p>\n<p>Auteur: M&rsquo;hammed rahal<br \/>\n<a href=\"http:\/\/albayane.press.ma\/des-artistes-cubains-amis-du-maroc-sactivent-pour-favoriser-la-cooperation-culturelle.html\">Cliquez ici pour lire l&rsquo;article depuis sa source.<\/a><\/p>\n","protected":false},"excerpt":{"rendered":"<p>Un groupe d\u2019artistes cubains amis du Maroc vient de voir le jour \u00e0 la Havane avec pour ambition de se servir de l\u2019art et de la culture comme passerelles pour favoriser l\u2019ouverture et le rapprochement des deux peuples dans le cadre de la diplomatie culturelle. Constitu\u00e9e d\u2019une vingtaine d\u2019artistes de diff\u00e9rentes disciplines (cin\u00e9ma, th\u00e9\u00e2tre, art [&hellip;]<\/p>\n","protected":false},"author":1760,"featured_media":0,"comment_status":"closed","ping_status":"closed","sticky":false,"template":"","format":"standard","meta":{"fifu_image_url":"","fifu_image_alt":"","footnotes":""},"categories":[73,54],"tags":[],"class_list":["post-66567","post","type-post","status-publish","format-standard","hentry","category-actualite","category-maroc"],"_links":{"self":[{"href":"https:\/\/linitiative.ca\/International\/wp-json\/wp\/v2\/posts\/66567","targetHints":{"allow":["GET"]}}],"collection":[{"href":"https:\/\/linitiative.ca\/International\/wp-json\/wp\/v2\/posts"}],"about":[{"href":"https:\/\/linitiative.ca\/International\/wp-json\/wp\/v2\/types\/post"}],"author":[{"embeddable":true,"href":"https:\/\/linitiative.ca\/International\/wp-json\/wp\/v2\/users\/1760"}],"replies":[{"embeddable":true,"href":"https:\/\/linitiative.ca\/International\/wp-json\/wp\/v2\/comments?post=66567"}],"version-history":[{"count":0,"href":"https:\/\/linitiative.ca\/International\/wp-json\/wp\/v2\/posts\/66567\/revisions"}],"wp:attachment":[{"href":"https:\/\/linitiative.ca\/International\/wp-json\/wp\/v2\/media?parent=66567"}],"wp:term":[{"taxonomy":"category","embeddable":true,"href":"https:\/\/linitiative.ca\/International\/wp-json\/wp\/v2\/categories?post=66567"},{"taxonomy":"post_tag","embeddable":true,"href":"https:\/\/linitiative.ca\/International\/wp-json\/wp\/v2\/tags?post=66567"}],"curies":[{"name":"wp","href":"https:\/\/api.w.org\/{rel}","templated":true}]}}