{"id":66568,"date":"2019-11-05T06:11:06","date_gmt":"2019-11-05T11:11:06","guid":{"rendered":"https:\/\/linitiative.ca\/International\/le-maroc-preside-au-caire-la-reunion-du-groupe-de-travail-charge-de-la-migration\/"},"modified":"2019-11-05T06:11:06","modified_gmt":"2019-11-05T11:11:06","slug":"le-maroc-preside-au-caire-la-reunion-du-groupe-de-travail-charge-de-la-migration","status":"publish","type":"post","link":"https:\/\/linitiative.ca\/International\/le-maroc-preside-au-caire-la-reunion-du-groupe-de-travail-charge-de-la-migration\/","title":{"rendered":"Le Maroc pr\u00e9side au Caire la r\u00e9union du groupe de travail charg\u00e9 de la migration"},"content":{"rendered":"<p class=\"has-text-color has-vivid-cyan-blue-color\"><strong>La pr\u00e9sidente du Conseil national des droits de l\u2019Homme (CNDH), Amina Bouayach, a pr\u00e9sid\u00e9, dimanche au Caire, la r\u00e9union du groupe de travail charg\u00e9 de la migration du R\u00e9seau des institutions nationales africaines des droits de l\u2019Homme (RINADH).<\/strong><\/p>\n<p>Cr\u00e9\u00e9 en d\u00e9cembre 2018 au Maroc et pr\u00e9sid\u00e9 par le CNDH, le groupe de travail du RINADH sur la migration a pour mission de veiller sur un engagement efficace des institutions nationales des droits de l\u2019Homme (INDH) aux questions migratoires et de voir comment les INDH peuvent jouer un r\u00f4le cl\u00e9 dans la protection et la promotion des droits des migrants.<\/p>\n<p>Intervenant \u00e0 cette occasion, Mme. Bouayach a soulign\u00e9 que cette 3\u00e8 r\u00e9union du groupe de travail du RINADH constitue \u00abune occasion pour ouvrir un cadre d\u2019\u00e9change et de consultation afin d\u2019aller de l\u2019avant et de r\u00e9ussir les t\u00e2ches assign\u00e9es \u00e0 notre groupe\u00bb.<\/p>\n<p>Cette r\u00e9union, a-t-elle not\u00e9, rev\u00eat une importance particuli\u00e8re du fait qu\u2019elle examinera et adoptera le plan d\u2019action du groupe en vue de sa pr\u00e9sentation \u00e0 l\u2019Assembl\u00e9e g\u00e9n\u00e9rale du RINADH pr\u00e9vue les 4 et 5 novembre.<\/p>\n<p>La pr\u00e9sidente du CNDH a indiqu\u00e9 que ce plan d\u2019action a \u00e9t\u00e9 pr\u00e9par\u00e9 selon une approche participative incluant toutes les INDH membres, ajoutant que \u00ables attentes pour atteindre les objectifs de l\u2019Agenda africain 2063 et les Objectifs de d\u00e9veloppement durable 2030 sont de plus en plus \u00e9lev\u00e9es\u00bb.<\/p>\n<p>Pour r\u00e9pondre \u00e0 ces attentes, a-t-elle enchain\u00e9, le continent africain devra relever de nombreux d\u00e9fis pour garantir les droits des migrants et parvenir \u00e0 les prot\u00e9ger, notamment contre les r\u00e9seaux de traite des \u00eatres humains.<\/p>\n<p>Ce plan d\u2019action vise \u00e0 r\u00e9soudre les difficult\u00e9s li\u00e9es \u00e0 la garantie des droits des migrants et \u00e0 mettre \u00e0 la disposition des INDH les outils appropri\u00e9s pour promouvoir les meilleures pratiques au niveau africain, qu\u2019elles soient li\u00e9es \u00e0 la l\u00e9gislation ou encore aux politiques publiques, a expliqu\u00e9 Mme. Bouayach.<\/p>\n<p>\u00c0 l\u2019issue de cette r\u00e9union, le groupe de travail du RINADH sur la migration a adopt\u00e9 son plan d\u2019action, dont le projet initial avait \u00e9t\u00e9 propos\u00e9 par le CNDH en tant que pr\u00e9sident du groupe.<\/p>\n<p>Ce plan d\u2019action englobe des recommandations sur les diff\u00e9rents r\u00f4les que les INDH peuvent jouer dans la promotion et la protection des droits des migrants en g\u00e9n\u00e9ral, en vue de contribuer \u00e0 la mise en \u0153uvre du pacte mondial pour une migration s\u00fbre, ordonn\u00e9e et r\u00e9guli\u00e8re (PMM).<\/p>\n<p>Au terme de cette r\u00e9union, une d\u00e9l\u00e9gation du CNDH, dirig\u00e9e par Mme Bouayach, a pris part \u00e0 la r\u00e9union du Comit\u00e9 directeur du R\u00e9seau des institutions nationales africaines des droits de l\u2019Homme.<\/p>\n<p>En d\u00e9cembre dernier, Mme. Bouayach avait \u00e9t\u00e9 \u00e9lu \u00e0 l\u2019unanimit\u00e9 en tant que pr\u00e9sidente du groupe de travail sur la migration du RINADH.<\/p>\n<p>La d\u00e9l\u00e9gation du CNDH participera \u00e9galement \u00e0 la 12\u00e8me Conf\u00e9rence Biennale du R\u00e9seau des institutions nationales africaines des droits de l\u2019Homme, qui aura lieu du 5 au 6 novembre 2019 au Caire.<\/p>\n<p>Organis\u00e9e conjointement par le RINADH et le Conseil national des droits de l\u2019Homme d\u2019Egypte, la Conf\u00e9rence biennale se tiendra cette ann\u00e9e autour du th\u00e8me \u00abLe pacte mondial sur les migrations : vision commune des INDH africaines, opportunit\u00e9s et d\u00e9fis de sa mise en \u0153uvre\u00bb.<\/p>\n<p>les participants examineront, deux jours durant, les opportunit\u00e9s offertes par le pacte mondial pour une migration s\u00fbre, ordonn\u00e9e et r\u00e9guli\u00e8re (PMM) et les d\u00e9fis qui pourraient entraver sa mise en \u0153uvre dans la r\u00e9gion africaine.<\/p>\n<p>Les participants auront l\u2019opportunit\u00e9 aussi d\u2019\u00e9changer autour des moyens de promouvoir la recherche et la collecte de donn\u00e9es pr\u00e9cises en tant que fondement de politiques de migration bas\u00e9 sur des preuves. Les d\u00e9bats porteront aussi sur le r\u00f4le INDH dans la promotion de la coh\u00e9sion sociale et l\u2019int\u00e9gration dans le contexte de la migration.<\/p>\n<p>Cette conf\u00e9rence abritera aussi des discussions sur les plans nationaux de mise en \u0153uvre du PMM et sur le r\u00f4le des INDH dans la surveillance du respect des obligations en mati\u00e8re de protection et de promotion des droits de l\u2019Homme.<\/p>\n<p>La conf\u00e9rence sera marqu\u00e9e par la participation de 44 INDH membres du RINADH, des responsables gouvernementaux, des organisations de la soci\u00e9t\u00e9 civile, des institutions universitaires et des partenaires de d\u00e9veloppement.<\/p>\n<p>Auteur: M&rsquo;hammed rahal<br \/>\n<a href=\"http:\/\/albayane.press.ma\/le-maroc-preside-au-caire-la-reunion-du-groupe-de-travail-charge-de-la-migration.html\">Cliquez ici pour lire l&rsquo;article depuis sa source.<\/a><\/p>\n","protected":false},"excerpt":{"rendered":"<p>La pr\u00e9sidente du Conseil national des droits de l\u2019Homme (CNDH), Amina Bouayach, a pr\u00e9sid\u00e9, dimanche au Caire, la r\u00e9union du groupe de travail charg\u00e9 de la migration du R\u00e9seau des institutions nationales africaines des droits de l\u2019Homme (RINADH). Cr\u00e9\u00e9 en d\u00e9cembre 2018 au Maroc et pr\u00e9sid\u00e9 par le CNDH, le groupe de travail du RINADH [&hellip;]<\/p>\n","protected":false},"author":1760,"featured_media":0,"comment_status":"closed","ping_status":"closed","sticky":false,"template":"","format":"standard","meta":{"fifu_image_url":"","fifu_image_alt":"","footnotes":""},"categories":[73,54],"tags":[],"class_list":["post-66568","post","type-post","status-publish","format-standard","hentry","category-actualite","category-maroc"],"_links":{"self":[{"href":"https:\/\/linitiative.ca\/International\/wp-json\/wp\/v2\/posts\/66568","targetHints":{"allow":["GET"]}}],"collection":[{"href":"https:\/\/linitiative.ca\/International\/wp-json\/wp\/v2\/posts"}],"about":[{"href":"https:\/\/linitiative.ca\/International\/wp-json\/wp\/v2\/types\/post"}],"author":[{"embeddable":true,"href":"https:\/\/linitiative.ca\/International\/wp-json\/wp\/v2\/users\/1760"}],"replies":[{"embeddable":true,"href":"https:\/\/linitiative.ca\/International\/wp-json\/wp\/v2\/comments?post=66568"}],"version-history":[{"count":0,"href":"https:\/\/linitiative.ca\/International\/wp-json\/wp\/v2\/posts\/66568\/revisions"}],"wp:attachment":[{"href":"https:\/\/linitiative.ca\/International\/wp-json\/wp\/v2\/media?parent=66568"}],"wp:term":[{"taxonomy":"category","embeddable":true,"href":"https:\/\/linitiative.ca\/International\/wp-json\/wp\/v2\/categories?post=66568"},{"taxonomy":"post_tag","embeddable":true,"href":"https:\/\/linitiative.ca\/International\/wp-json\/wp\/v2\/tags?post=66568"}],"curies":[{"name":"wp","href":"https:\/\/api.w.org\/{rel}","templated":true}]}}