{"id":66569,"date":"2019-11-05T08:20:59","date_gmt":"2019-11-05T13:20:59","guid":{"rendered":"https:\/\/linitiative.ca\/International\/le-syndicat-du-corps-diplomatique-se-rebiffe-appel-a-ne-pas-porter-atteinte-a-la-reputation-du-ministere-des-affaires-etrangeres\/"},"modified":"2019-11-05T08:20:59","modified_gmt":"2019-11-05T13:20:59","slug":"le-syndicat-du-corps-diplomatique-se-rebiffe-appel-a-ne-pas-porter-atteinte-a-la-reputation-du-ministere-des-affaires-etrangeres","status":"publish","type":"post","link":"https:\/\/linitiative.ca\/International\/le-syndicat-du-corps-diplomatique-se-rebiffe-appel-a-ne-pas-porter-atteinte-a-la-reputation-du-ministere-des-affaires-etrangeres\/","title":{"rendered":"Le syndicat du corps diplomatique se rebiffe : Appel \u00e0 ne pas porter atteinte \u00e0 la r\u00e9putation du minist\u00e8re des Affaires \u00e9trang\u00e8res"},"content":{"rendered":"<p>Le syndicat du corps diplomatique a appel\u00e9 lundi \u00e0 ne pas instrumentaliser l\u2019audit administratif et financier du minist\u00e8re des Affaires \u00e9trang\u00e8res d\u00e9cid\u00e9 par la pr\u00e9sidence du gouvernement, pour entacher la r\u00e9putation du minist\u00e8re.<\/p>\n<p>Dans une d\u00e9claration rendue publique par son bureau ex\u00e9cutif, le syndicat a demand\u00e9 d\u2019\u00e9viter de mettre en cause les fonctionnaires du minist\u00e8re, en Tunisie et \u00e0 l\u2019\u00e9tranger, en pr\u00e9sentant une image erron\u00e9e \u00e0 l\u2019opinion publique, bas\u00e9e sur l\u2019incompr\u00e9hension et un manque de connaissance des simples principes de base du travail diplomatique.<\/p>\n<p>A cet effet, le syndicat a appel\u00e9 \u00e0 \u00ab ne pas anticiper les r\u00e9sultats des op\u00e9rations d\u2019audit dans le cadre d\u2019un r\u00e8glement de compte politique et personnel \u00bb, rappelant qu\u2019il demand\u00e9 par le pass\u00e9 un audit financier et administratif par souci de bonne gouvernance et dans le but de conf\u00e9rer plus d\u2019efficacit\u00e9 et de transparence au travail du service diplomatique.<\/p>\n<p>Le chef du gouvernement Youssef Chahed avait d\u00e9cid\u00e9 le 30 octobre 2019, apr\u00e8s concertation avec la pr\u00e9sidence de la R\u00e9publique de charger le Comit\u00e9 du contr\u00f4le g\u00e9n\u00e9ral des services publics d\u2019effectuer un audit administratif et financier au minist\u00e8re des Affaires \u00e9trang\u00e8res et autres d\u00e9partements administratifs.<\/p>\n<p class=\"dpsp-share-text\">Partager c&rsquo;est aimer!<\/p>\n<div class=\"wp-post-author-wrap wp-post-author-shortcode left\">\n<h3 class=\"awpa-title\"\/>\n<div class=\"wp-post-author\">\n<div class=\"awpa-img awpa-author-block square\"><a href=\"http:\/\/lexpertjournal.net\/fr\/author\/expert\/\"><img loading=\"lazy\" decoding=\"async\" alt=\"\" src=\"http:\/\/2.gravatar.com\/avatar\/56d99be2a6f97af88ccb49fada637fcd?s=150&#038;d=mm&#038;r=g\" srcset=\"http:\/\/2.gravatar.com\/avatar\/56d99be2a6f97af88ccb49fada637fcd?s=300&#038;d=mm&#038;r=g 2x\" class=\"avatar avatar-150 photo\" height=\"150\" width=\"150\"\/><\/a><\/div>\n<\/div>\n<\/div>\n<p>Auteur: L&rsquo;expert<br \/>\n<a href=\"http:\/\/lexpertjournal.net\/fr\/2019\/11\/05\/le-syndicat-du-corps-diplomatique-se-rebiffe-appel-a-ne-pas-porter-atteinte-a-la-reputation-du-mae\/\">Cliquez ici pour lire l&rsquo;article depuis sa source.<\/a><\/p>\n","protected":false},"excerpt":{"rendered":"<p>Le syndicat du corps diplomatique a appel\u00e9 lundi \u00e0 ne pas instrumentaliser l\u2019audit administratif et financier du minist\u00e8re des Affaires \u00e9trang\u00e8res d\u00e9cid\u00e9 par la pr\u00e9sidence du gouvernement, pour entacher la r\u00e9putation du minist\u00e8re. Dans une d\u00e9claration rendue publique par son bureau ex\u00e9cutif, le syndicat a demand\u00e9 d\u2019\u00e9viter de mettre en cause les fonctionnaires du minist\u00e8re, [&hellip;]<\/p>\n","protected":false},"author":1775,"featured_media":0,"comment_status":"closed","ping_status":"closed","sticky":false,"template":"","format":"standard","meta":{"fifu_image_url":"","fifu_image_alt":"","footnotes":""},"categories":[78,55],"tags":[],"class_list":["post-66569","post","type-post","status-publish","format-standard","hentry","category-economie","category-tunisie"],"_links":{"self":[{"href":"https:\/\/linitiative.ca\/International\/wp-json\/wp\/v2\/posts\/66569","targetHints":{"allow":["GET"]}}],"collection":[{"href":"https:\/\/linitiative.ca\/International\/wp-json\/wp\/v2\/posts"}],"about":[{"href":"https:\/\/linitiative.ca\/International\/wp-json\/wp\/v2\/types\/post"}],"author":[{"embeddable":true,"href":"https:\/\/linitiative.ca\/International\/wp-json\/wp\/v2\/users\/1775"}],"replies":[{"embeddable":true,"href":"https:\/\/linitiative.ca\/International\/wp-json\/wp\/v2\/comments?post=66569"}],"version-history":[{"count":0,"href":"https:\/\/linitiative.ca\/International\/wp-json\/wp\/v2\/posts\/66569\/revisions"}],"wp:attachment":[{"href":"https:\/\/linitiative.ca\/International\/wp-json\/wp\/v2\/media?parent=66569"}],"wp:term":[{"taxonomy":"category","embeddable":true,"href":"https:\/\/linitiative.ca\/International\/wp-json\/wp\/v2\/categories?post=66569"},{"taxonomy":"post_tag","embeddable":true,"href":"https:\/\/linitiative.ca\/International\/wp-json\/wp\/v2\/tags?post=66569"}],"curies":[{"name":"wp","href":"https:\/\/api.w.org\/{rel}","templated":true}]}}