{"id":66570,"date":"2019-11-05T08:25:37","date_gmt":"2019-11-05T13:25:37","guid":{"rendered":"https:\/\/linitiative.ca\/International\/legislatives-2019-proclamation-jeudi-des-resultats-definitifs\/"},"modified":"2019-11-05T08:25:37","modified_gmt":"2019-11-05T13:25:37","slug":"legislatives-2019-proclamation-jeudi-des-resultats-definitifs","status":"publish","type":"post","link":"https:\/\/linitiative.ca\/International\/legislatives-2019-proclamation-jeudi-des-resultats-definitifs\/","title":{"rendered":"L\u00e9gislatives 2019 :  Proclamation jeudi des r\u00e9sultats d\u00e9finitifs"},"content":{"rendered":"<p>Les r\u00e9sultats d\u00e9finitifs du scrutin l\u00e9gislatif du 6 octobre 2019 seront proclam\u00e9s, jeudi, a annonc\u00e9 Nabil Baffoun, pr\u00e9sident de l\u2019Instance sup\u00e9rieure ind\u00e9pendante pour les \u00e9lections (ISIE).<\/p>\n<p>\u00ab Le Tribunal administratif doit trancher, mercredi, sur les recours contre les r\u00e9sultats d\u00e9finitifs des l\u00e9gislatives, a-t-il expliqu\u00e9, ajoutant que le Parlement sera inform\u00e9 des r\u00e9sultats de l\u2019Instance \u00e9lectorale par une correspondance.<\/p>\n<p>Au sujet des d\u00e9clarations faites par deux membres de l\u2019instance \u00e9lectorale, jug\u00e9es \u00ab attentatoires \u00bb \u00e0 l\u2019honneur du pr\u00e9sident de l\u2019ISIE et \u00e0 son conseil, Baffoun a assur\u00e9 que la justice sera saisie.<\/p>\n<p>Adel Brinsi, membre de l\u2019instance \u00e9lectorale, s\u2019est dit \u00e9tonn\u00e9 de voir le pr\u00e9sident de l\u2019ISIE pr\u00e9parer une rencontre d\u2019\u00e9valuation du double scrutin l\u00e9gislatif et pr\u00e9sidentiel en l\u2019absence des membres du conseil, d\u00e9non\u00e7ant ce qu\u2019il qualifie de \u00ab monopole de d\u00e9cision \u00bb de Nabil Baffoun.<\/p>\n<p>Il est \u00e0 noter que la session pl\u00e9ni\u00e8re du Tribunal administratif (TA) avait rendu, lundi, 25 jugements relatifs aux recours en appel d\u00e9pos\u00e9s contre les r\u00e9sultats pr\u00e9liminaires des \u00e9lections l\u00e9gislatives de 2019.<\/p>\n<p class=\"dpsp-share-text\">Partager c&rsquo;est aimer!<\/p>\n<div class=\"wp-post-author-wrap wp-post-author-shortcode left\">\n<h3 class=\"awpa-title\"\/>\n<div class=\"wp-post-author\">\n<div class=\"awpa-img awpa-author-block square\"><a href=\"http:\/\/lexpertjournal.net\/fr\/author\/expert\/\"><img loading=\"lazy\" decoding=\"async\" alt=\"\" src=\"http:\/\/2.gravatar.com\/avatar\/56d99be2a6f97af88ccb49fada637fcd?s=150&#038;d=mm&#038;r=g\" srcset=\"http:\/\/2.gravatar.com\/avatar\/56d99be2a6f97af88ccb49fada637fcd?s=300&#038;d=mm&#038;r=g 2x\" class=\"avatar avatar-150 photo\" height=\"150\" width=\"150\"\/><\/a><\/div>\n<\/div>\n<\/div>\n<p>Auteur: L&rsquo;expert<br \/>\n<a href=\"http:\/\/lexpertjournal.net\/fr\/2019\/11\/05\/legislatives-2019-proclamation-jeudi-des-resultats-definitifs\/\">Cliquez ici pour lire l&rsquo;article depuis sa source.<\/a><\/p>\n","protected":false},"excerpt":{"rendered":"<p>Les r\u00e9sultats d\u00e9finitifs du scrutin l\u00e9gislatif du 6 octobre 2019 seront proclam\u00e9s, jeudi, a annonc\u00e9 Nabil Baffoun, pr\u00e9sident de l\u2019Instance sup\u00e9rieure ind\u00e9pendante pour les \u00e9lections (ISIE). \u00ab Le Tribunal administratif doit trancher, mercredi, sur les recours contre les r\u00e9sultats d\u00e9finitifs des l\u00e9gislatives, a-t-il expliqu\u00e9, ajoutant que le Parlement sera inform\u00e9 des r\u00e9sultats de l\u2019Instance \u00e9lectorale [&hellip;]<\/p>\n","protected":false},"author":1775,"featured_media":0,"comment_status":"closed","ping_status":"closed","sticky":false,"template":"","format":"standard","meta":{"fifu_image_url":"","fifu_image_alt":"","footnotes":""},"categories":[78,55],"tags":[],"class_list":["post-66570","post","type-post","status-publish","format-standard","hentry","category-economie","category-tunisie"],"_links":{"self":[{"href":"https:\/\/linitiative.ca\/International\/wp-json\/wp\/v2\/posts\/66570","targetHints":{"allow":["GET"]}}],"collection":[{"href":"https:\/\/linitiative.ca\/International\/wp-json\/wp\/v2\/posts"}],"about":[{"href":"https:\/\/linitiative.ca\/International\/wp-json\/wp\/v2\/types\/post"}],"author":[{"embeddable":true,"href":"https:\/\/linitiative.ca\/International\/wp-json\/wp\/v2\/users\/1775"}],"replies":[{"embeddable":true,"href":"https:\/\/linitiative.ca\/International\/wp-json\/wp\/v2\/comments?post=66570"}],"version-history":[{"count":0,"href":"https:\/\/linitiative.ca\/International\/wp-json\/wp\/v2\/posts\/66570\/revisions"}],"wp:attachment":[{"href":"https:\/\/linitiative.ca\/International\/wp-json\/wp\/v2\/media?parent=66570"}],"wp:term":[{"taxonomy":"category","embeddable":true,"href":"https:\/\/linitiative.ca\/International\/wp-json\/wp\/v2\/categories?post=66570"},{"taxonomy":"post_tag","embeddable":true,"href":"https:\/\/linitiative.ca\/International\/wp-json\/wp\/v2\/tags?post=66570"}],"curies":[{"name":"wp","href":"https:\/\/api.w.org\/{rel}","templated":true}]}}