{"id":66571,"date":"2019-11-05T08:27:11","date_gmt":"2019-11-05T13:27:11","guid":{"rendered":"https:\/\/linitiative.ca\/International\/migration-irreguliere-arrestation-de-15-clandestins-subsahariens-a-la-frontiere-libyenne\/"},"modified":"2019-11-05T08:27:11","modified_gmt":"2019-11-05T13:27:11","slug":"migration-irreguliere-arrestation-de-15-clandestins-subsahariens-a-la-frontiere-libyenne","status":"publish","type":"post","link":"https:\/\/linitiative.ca\/International\/migration-irreguliere-arrestation-de-15-clandestins-subsahariens-a-la-frontiere-libyenne\/","title":{"rendered":"Migration irr\u00e9guli\u00e8re : Arrestation de 15 clandestins subsahariens \u00e0 la fronti\u00e8re libyenne"},"content":{"rendered":"<p>Les unit\u00e9s militaires op\u00e9rant dans la zone tampon frontali\u00e8re de Choucha ont interpell\u00e9, lundi, 15 personnes d\u2019origine subsaharienne (11 Somaliens, 2 Maliens et 2 Soudanais) qui tentaient de franchir illicitement les fronti\u00e8res tuniso-libyennes dans les deux sens, a indiqu\u00e9 le minist\u00e8re de la D\u00e9fense nationale.<\/p>\n<p>Dans un communiqu\u00e9 publi\u00e9 mardi, le minist\u00e8re de la D\u00e9fense pr\u00e9cise que les personnes interpell\u00e9es ont \u00e9t\u00e9 transf\u00e9r\u00e9es aux unit\u00e9s de la Garde nationale de Choucha pour poursuivre les investigations et prendre les mesures juridiques n\u00e9cessaires \u00e0 leur encontre.<\/p>\n<p class=\"dpsp-share-text\">Partager c&rsquo;est aimer!<\/p>\n<div class=\"wp-post-author-wrap wp-post-author-shortcode left\">\n<h3 class=\"awpa-title\"\/>\n<div class=\"wp-post-author\">\n<div class=\"awpa-img awpa-author-block square\"><a href=\"http:\/\/lexpertjournal.net\/fr\/author\/expert\/\"><img loading=\"lazy\" decoding=\"async\" alt=\"\" src=\"http:\/\/2.gravatar.com\/avatar\/56d99be2a6f97af88ccb49fada637fcd?s=150&#038;d=mm&#038;r=g\" srcset=\"http:\/\/2.gravatar.com\/avatar\/56d99be2a6f97af88ccb49fada637fcd?s=300&#038;d=mm&#038;r=g 2x\" class=\"avatar avatar-150 photo\" height=\"150\" width=\"150\"\/><\/a><\/div>\n<\/div>\n<\/div>\n<p>Auteur: L&rsquo;expert<br \/>\n<a href=\"http:\/\/lexpertjournal.net\/fr\/2019\/11\/05\/migration-irreguliere-arrestation-de-15-clandestins-subsahariens-a-la-frontiere-libyenne\/\">Cliquez ici pour lire l&rsquo;article depuis sa source.<\/a><\/p>\n","protected":false},"excerpt":{"rendered":"<p>Les unit\u00e9s militaires op\u00e9rant dans la zone tampon frontali\u00e8re de Choucha ont interpell\u00e9, lundi, 15 personnes d\u2019origine subsaharienne (11 Somaliens, 2 Maliens et 2 Soudanais) qui tentaient de franchir illicitement les fronti\u00e8res tuniso-libyennes dans les deux sens, a indiqu\u00e9 le minist\u00e8re de la D\u00e9fense nationale. Dans un communiqu\u00e9 publi\u00e9 mardi, le minist\u00e8re de la D\u00e9fense [&hellip;]<\/p>\n","protected":false},"author":1775,"featured_media":0,"comment_status":"closed","ping_status":"closed","sticky":false,"template":"","format":"standard","meta":{"fifu_image_url":"","fifu_image_alt":"","footnotes":""},"categories":[78,55],"tags":[],"class_list":["post-66571","post","type-post","status-publish","format-standard","hentry","category-economie","category-tunisie"],"_links":{"self":[{"href":"https:\/\/linitiative.ca\/International\/wp-json\/wp\/v2\/posts\/66571","targetHints":{"allow":["GET"]}}],"collection":[{"href":"https:\/\/linitiative.ca\/International\/wp-json\/wp\/v2\/posts"}],"about":[{"href":"https:\/\/linitiative.ca\/International\/wp-json\/wp\/v2\/types\/post"}],"author":[{"embeddable":true,"href":"https:\/\/linitiative.ca\/International\/wp-json\/wp\/v2\/users\/1775"}],"replies":[{"embeddable":true,"href":"https:\/\/linitiative.ca\/International\/wp-json\/wp\/v2\/comments?post=66571"}],"version-history":[{"count":0,"href":"https:\/\/linitiative.ca\/International\/wp-json\/wp\/v2\/posts\/66571\/revisions"}],"wp:attachment":[{"href":"https:\/\/linitiative.ca\/International\/wp-json\/wp\/v2\/media?parent=66571"}],"wp:term":[{"taxonomy":"category","embeddable":true,"href":"https:\/\/linitiative.ca\/International\/wp-json\/wp\/v2\/categories?post=66571"},{"taxonomy":"post_tag","embeddable":true,"href":"https:\/\/linitiative.ca\/International\/wp-json\/wp\/v2\/tags?post=66571"}],"curies":[{"name":"wp","href":"https:\/\/api.w.org\/{rel}","templated":true}]}}