{"id":66572,"date":"2019-11-05T08:30:31","date_gmt":"2019-11-05T13:30:31","guid":{"rendered":"https:\/\/linitiative.ca\/International\/foot-chan-cameroun-2020-la-competition-aura-lieu-du-4-au-25-avril\/"},"modified":"2019-11-05T08:30:31","modified_gmt":"2019-11-05T13:30:31","slug":"foot-chan-cameroun-2020-la-competition-aura-lieu-du-4-au-25-avril","status":"publish","type":"post","link":"https:\/\/linitiative.ca\/International\/foot-chan-cameroun-2020-la-competition-aura-lieu-du-4-au-25-avril\/","title":{"rendered":"Foot \u2013 CHAN Cameroun 2020 :  La comp\u00e9tition aura lieu du 4 au 25 avril"},"content":{"rendered":"<p>La sixi\u00e8me \u00e9dition du Championnat d\u2019Afrique des Nations: CHAN Cameroun 2020, va se tenir du 4 au 25 avril 2020, a d\u00e9clar\u00e9 Narcisse Mouelle Kombi, ministre camerounais des sports et pr\u00e9sident du comit\u00e9 d\u2019organisation (COCAN), au cours d\u2019une conf\u00e9rence de presse \u00e0 Yaound\u00e9, \u00e0 l\u2019occasion de l\u2019installation des membres du Comit\u00e9 d\u2019organisation et du logo du COCAN qui aura \u00e0 organiser le CHAN et la Coupe d\u2019Afrique des Nations CAN 2021, rapportent les m\u00e9dias locaux.<\/p>\n<p>Kombi a soulign\u00e9, que la comp\u00e9tition, r\u00e9serv\u00e9e aux joueurs des championnats locaux, va se disputer dans les trois villes et les 4 sites choisis par la commission d\u2019inspection de la CAF lors de sa visite d\u2019inspection au Cameroun du 24 au 30 septembre dernier.<\/p>\n<p>Il s\u2019agit du stade Omnisports de Yaound\u00e9, le complexe sportif de Japoma et le stade de Bepanda \u00e0 Douala, et le stade Omnisports de Limbe dans le Sud-ouest du Cameroun.<\/p>\n<p>Seize (16) pays dont la Tunisie, rappelle-t-on, participeront \u00e0 cette sixi\u00e8me \u00e9dition dont la deuxi\u00e8me avait \u00e9t\u00e9 remport\u00e9e en 2011 par les Aigles de Carthage.<\/p>\n<p>Les autres pays sont: Burkina Faso, Cameroun (pays h\u00f4te), Congo, Guin\u00e9e, Mali, Maroc, Namibie, Niger, Ouganda, RD Conco, Rwanda, Tanzanie, Togo, Zambie et Zimbabwe.<\/p>\n<p>Le tirage au sort sera effectu\u00e9 au mois janvier 2020, a ajout\u00e9 le ministre des sports sans en pr\u00e9ciser la date.<\/p>\n<p class=\"dpsp-share-text\">Partager c&rsquo;est aimer!<\/p>\n<div class=\"wp-post-author-wrap wp-post-author-shortcode left\">\n<h3 class=\"awpa-title\"\/>\n<div class=\"wp-post-author\">\n<div class=\"awpa-img awpa-author-block square\"><a href=\"http:\/\/lexpertjournal.net\/fr\/author\/expert\/\"><img loading=\"lazy\" decoding=\"async\" alt=\"\" src=\"http:\/\/2.gravatar.com\/avatar\/56d99be2a6f97af88ccb49fada637fcd?s=150&#038;d=mm&#038;r=g\" srcset=\"http:\/\/2.gravatar.com\/avatar\/56d99be2a6f97af88ccb49fada637fcd?s=300&#038;d=mm&#038;r=g 2x\" class=\"avatar avatar-150 photo\" height=\"150\" width=\"150\"\/><\/a><\/div>\n<\/div>\n<\/div>\n<p>Auteur: L&rsquo;expert<br \/>\n<a href=\"http:\/\/lexpertjournal.net\/fr\/2019\/11\/05\/foot-chan-cameroun-2020-la-competition-aura-lieu-du-4-au-25-avril\/\">Cliquez ici pour lire l&rsquo;article depuis sa source.<\/a><\/p>\n","protected":false},"excerpt":{"rendered":"<p>La sixi\u00e8me \u00e9dition du Championnat d\u2019Afrique des Nations: CHAN Cameroun 2020, va se tenir du 4 au 25 avril 2020, a d\u00e9clar\u00e9 Narcisse Mouelle Kombi, ministre camerounais des sports et pr\u00e9sident du comit\u00e9 d\u2019organisation (COCAN), au cours d\u2019une conf\u00e9rence de presse \u00e0 Yaound\u00e9, \u00e0 l\u2019occasion de l\u2019installation des membres du Comit\u00e9 d\u2019organisation et du logo [&hellip;]<\/p>\n","protected":false},"author":1775,"featured_media":0,"comment_status":"closed","ping_status":"closed","sticky":false,"template":"","format":"standard","meta":{"fifu_image_url":"","fifu_image_alt":"","footnotes":""},"categories":[78,55],"tags":[],"class_list":["post-66572","post","type-post","status-publish","format-standard","hentry","category-economie","category-tunisie"],"_links":{"self":[{"href":"https:\/\/linitiative.ca\/International\/wp-json\/wp\/v2\/posts\/66572","targetHints":{"allow":["GET"]}}],"collection":[{"href":"https:\/\/linitiative.ca\/International\/wp-json\/wp\/v2\/posts"}],"about":[{"href":"https:\/\/linitiative.ca\/International\/wp-json\/wp\/v2\/types\/post"}],"author":[{"embeddable":true,"href":"https:\/\/linitiative.ca\/International\/wp-json\/wp\/v2\/users\/1775"}],"replies":[{"embeddable":true,"href":"https:\/\/linitiative.ca\/International\/wp-json\/wp\/v2\/comments?post=66572"}],"version-history":[{"count":0,"href":"https:\/\/linitiative.ca\/International\/wp-json\/wp\/v2\/posts\/66572\/revisions"}],"wp:attachment":[{"href":"https:\/\/linitiative.ca\/International\/wp-json\/wp\/v2\/media?parent=66572"}],"wp:term":[{"taxonomy":"category","embeddable":true,"href":"https:\/\/linitiative.ca\/International\/wp-json\/wp\/v2\/categories?post=66572"},{"taxonomy":"post_tag","embeddable":true,"href":"https:\/\/linitiative.ca\/International\/wp-json\/wp\/v2\/tags?post=66572"}],"curies":[{"name":"wp","href":"https:\/\/api.w.org\/{rel}","templated":true}]}}