{"id":66591,"date":"2019-11-05T09:47:50","date_gmt":"2019-11-05T14:47:50","guid":{"rendered":"https:\/\/linitiative.ca\/International\/tlemcen-les-mains-expertes-de-lartisan-mises-en-valeur-dans-une-exposition\/"},"modified":"2019-11-05T09:47:50","modified_gmt":"2019-11-05T14:47:50","slug":"tlemcen-les-mains-expertes-de-lartisan-mises-en-valeur-dans-une-exposition","status":"publish","type":"post","link":"https:\/\/linitiative.ca\/International\/tlemcen-les-mains-expertes-de-lartisan-mises-en-valeur-dans-une-exposition\/","title":{"rendered":"Tlemcen : Les mains expertes de l\u2019artisan mises en valeur dans une exposition  \u00a0"},"content":{"rendered":"<div readability=\"35\">\n<p><strong>TLEMCEN- La chambre des m\u00e9tiers et de l\u2019artisanat de la wilaya de Tlemcen organise mardi et jusqu\u2019au 9 du mois en cours, une exposition \u00e0 la maison de la culture Abdelkader Alloula \u00e0 travers laquelle est mis en valeur le savoir-faire des artisans locaux vers\u00e9s dans divers m\u00e9tiers.<\/strong><\/p>\n<\/div>\n<div readability=\"84\">\n<p>Cette exposition, organis\u00e9e \u00e0 l\u2019occasion de la journ\u00e9e nationale de l\u2019artisan, refl\u00e8te la richesse et la diversit\u00e9 du patrimoine mill\u00e9naire de la capitale zianide. Le visiteur aura l\u2019opportunit\u00e9 d\u2019admirer la beaut\u00e9 et l\u2019authenticit\u00e9 des produits traditionnels fabriqu\u00e9s par des femmes et des hommes aux mains expertes cumulant un savoir-faire ancestral dans les domaines de la poterie, du costume traditionnel, de la maroquinerie, de la pr\u00e9paration des g\u00e2teaux et autres produits du terroir.<\/p>\n<p>Certains artisans reconnaissent qu\u2019en d\u00e9pit des effets de l\u2019industrialisation, des mutations socio-\u00e9conomiques et de l\u2019\u00e9volution des modes de consommation, des femmes et des hommes s\u2019attachent jalousement \u00e0 sauvegarder ces m\u00e9tiers qui font partie int\u00e9grante de l\u2019histoire de Tlemcen, \u00e0 l\u2019instar de la fabrication du tapis.<\/p>\n<blockquote readability=\"8\">\n<p><strong>Le tapis ayant fait la fiert\u00e9 de la ville et constitu\u00e9 une ressource non n\u00e9gligeable pour de milliers de familles tlemceniennes, a presque disparu du paysage local apr\u00e8s l\u2019av\u00e8nement de l\u2019industrialisation et la fabrication de tapis synth\u00e9tiques ou leur importation.<\/strong><\/p>\n<\/blockquote>\n<p>Toutefois, les initiatives ne manquent pas pour faire rena\u00eetre des m\u00e9tiers menac\u00e9s d\u2019extinction. C\u2019est le cas de Boukarabila Khei\u00efra, pr\u00e9sidente et fondatrice de l\u2019association \u00ab\u00a0Mains d\u2019or\u00a0\u00bb de la ville de Sebdou, qui a r\u00e9ussi \u00e0 relancer ce m\u00e9tier dans cette ville, devenue, ces derni\u00e8res ann\u00e9es, un v\u00e9ritable p\u00f4le de d\u00e9veloppement de la wilaya.<\/p>\n<p>B\u00e9n\u00e9ficiant du soutien du dispositif d\u2019aide de la chambre locale des m\u00e9tiers et d\u2019artisanat, cette quinquag\u00e9naire et son association, qui compte de nombreuses femmes, a r\u00e9ussi \u00e0 redonner au tapis local la place qui lui sied en d\u00e9veloppant ce m\u00e9tier et en diversifiant ses produits faits \u00e0 base de laine.<\/p>\n<blockquote readability=\"10\">\n<p><strong>L\u2019exposition compte \u00e9galement d\u2019autres exp\u00e9riences ayant r\u00e9ussi \u00e0 s\u2019imposer d\u2019autres m\u00e9tiers, comme celui de la poterie traditionnelle de Bider, dont la r\u00e9putation n\u2019est plus \u00e0 d\u00e9montrer. Les femmes de cette r\u00e9gion frontali\u00e8re ont r\u00e9ussi \u00e0 s\u2019imposer au point o\u00f9 tout un programme de\u00a0lab\u00e9lisation a \u00e9t\u00e9 entam\u00e9 conjointement par le minist\u00e8re du tourisme et de l\u2019artisanat en collaboration avec l\u2019Union Europ\u00e9enne.<\/strong><\/p>\n<\/blockquote>\n<p>Pour la fabrication du tapis local, comme pour la poterie traditionnelle ou la confection des tenues ou d\u2019autres produits artisanaux, l\u2019exposition met en valeur de nombreux artisans aux id\u00e9es cr\u00e9atives qui ambitionnent de contribuer \u00e0 l\u2019essor \u00e9conomique de leurs r\u00e9gions et du pays.<\/p>\n<p>La mise en place de dispositifs \u00e0 m\u00eame d\u2019aider les artisans \u00e0 \u00e9couler leurs produits a \u00e9t\u00e9 fortement pr\u00e9conis\u00e9e et souhait\u00e9e par les artisans pr\u00e9sents dans cette exposition, a-t-on relev\u00e9.<\/p>\n<\/div>\n<p>Auteur:<br \/>\n<a href=\"http:\/\/www.aps.dz\/regions\/96967-tlemcen-les-mains-expertes-de-l-artisan-mises-en-valeur-dans-une-exposition\">Cliquez ici pour lire l&rsquo;article depuis sa source.<\/a><\/p>\n","protected":false},"excerpt":{"rendered":"<p>TLEMCEN- La chambre des m\u00e9tiers et de l\u2019artisanat de la wilaya de Tlemcen organise mardi et jusqu\u2019au 9 du mois en cours, une exposition \u00e0 la maison de la culture Abdelkader Alloula \u00e0 travers laquelle est mis en valeur le savoir-faire des artisans locaux vers\u00e9s dans divers m\u00e9tiers. Cette exposition, organis\u00e9e \u00e0 l\u2019occasion de la [&hellip;]<\/p>\n","protected":false},"author":1790,"featured_media":0,"comment_status":"closed","ping_status":"closed","sticky":false,"template":"","format":"standard","meta":{"fifu_image_url":"","fifu_image_alt":"","footnotes":""},"categories":[53,76],"tags":[],"class_list":["post-66591","post","type-post","status-publish","format-standard","hentry","category-algerie","category-regions"],"_links":{"self":[{"href":"https:\/\/linitiative.ca\/International\/wp-json\/wp\/v2\/posts\/66591","targetHints":{"allow":["GET"]}}],"collection":[{"href":"https:\/\/linitiative.ca\/International\/wp-json\/wp\/v2\/posts"}],"about":[{"href":"https:\/\/linitiative.ca\/International\/wp-json\/wp\/v2\/types\/post"}],"author":[{"embeddable":true,"href":"https:\/\/linitiative.ca\/International\/wp-json\/wp\/v2\/users\/1790"}],"replies":[{"embeddable":true,"href":"https:\/\/linitiative.ca\/International\/wp-json\/wp\/v2\/comments?post=66591"}],"version-history":[{"count":0,"href":"https:\/\/linitiative.ca\/International\/wp-json\/wp\/v2\/posts\/66591\/revisions"}],"wp:attachment":[{"href":"https:\/\/linitiative.ca\/International\/wp-json\/wp\/v2\/media?parent=66591"}],"wp:term":[{"taxonomy":"category","embeddable":true,"href":"https:\/\/linitiative.ca\/International\/wp-json\/wp\/v2\/categories?post=66591"},{"taxonomy":"post_tag","embeddable":true,"href":"https:\/\/linitiative.ca\/International\/wp-json\/wp\/v2\/tags?post=66591"}],"curies":[{"name":"wp","href":"https:\/\/api.w.org\/{rel}","templated":true}]}}