{"id":66594,"date":"2019-11-05T11:31:29","date_gmt":"2019-11-05T16:31:29","guid":{"rendered":"https:\/\/linitiative.ca\/International\/wilaya-dalger-les-moniteurs-des-auto-ecoles-appeles-a-changer-leurs-methodes-de-travail\/"},"modified":"2019-11-05T11:31:29","modified_gmt":"2019-11-05T16:31:29","slug":"wilaya-dalger-les-moniteurs-des-auto-ecoles-appeles-a-changer-leurs-methodes-de-travail","status":"publish","type":"post","link":"https:\/\/linitiative.ca\/International\/wilaya-dalger-les-moniteurs-des-auto-ecoles-appeles-a-changer-leurs-methodes-de-travail\/","title":{"rendered":"Wilaya d&rsquo;Alger: les moniteurs des auto-\u00e9coles appel\u00e9s \u00e0 changer leurs m\u00e9thodes de travail"},"content":{"rendered":"<div readability=\"39\">\n<p><strong>ALGER- Les moniteurs des auto-\u00e9coles dans la wilaya d&rsquo;Alger doivent \u00ab\u00a0changer\u00a0\u00bb leurs m\u00e9thodes d&rsquo;enseignement et adopter de nouvelles techniques contribuant \u00e0 la sensibilisation routi\u00e8re des\u00a0conducteurs, a affirm\u00e9, mardi, la pr\u00e9sidente de l&rsquo;Association des moniteurs professionnels d&rsquo;auto-\u00e9coles de la wilaya d&rsquo;Alger, Nabila Ferhat.<\/strong><\/p>\n<\/div>\n<div readability=\"75.5\">\n<p>Mme Ferhat a appel\u00e9 \u00e0 \u00ab\u00a0changer\u00a0\u00bb les m\u00e9thodes de travail des moniteurs \u00e0 travers la wilaya d&rsquo;Alger, relevant que la pratique sur le terrain faire ressortir un besoin de cette cat\u00e9gorie \u00e0 \u00ab\u00a0l&rsquo;adoption des techniques modernes d&rsquo;enseignement et des m\u00e9thodes contribuant \u00e0 la sensibilisation routi\u00e8re\u00a0\u00bb.<\/p>\n<p>L&rsquo;apprentissage moderne de la conduite exige l&rsquo;introduction de simulateurs de nature \u00e0 aider l&rsquo;apprenti \u00e0 \u00ab\u00a0assimiler la conduite du v\u00e9hicule sur le plan th\u00e9orique et pratique\u00a0\u00bb, notamment l&rsquo;usage du levier de vitesse, les freins, l&rsquo;acc\u00e9l\u00e9rateur et les autres composants importants dans le v\u00e9hicule, a-t-elle soulign\u00e9.<\/p>\n<blockquote readability=\"10\">\n<p><strong>\u00a0Affirmant que l&rsquo;heure \u00e9tait venue pour la r\u00e9vision du volume horaire de la formation des moniteurs, Mme Ferhat a assur\u00e9 qu&rsquo;une dur\u00e9e de trois (3) mois (une semaine chaque mois pour une dur\u00e9e globale de 21 jours seulement) \u00e9tait \u00ab\u00a0insuffisante\u00a0\u00bb pour d\u00e9crocher une capacit\u00e9 professionnelle dans ce domaine, avant de proposer \u00ab\u00a0la cr\u00e9ation d&rsquo;une \u00e9cole sup\u00e9rieure de formation des moniteurs \u00e0 Alger\u00a0\u00bb.<\/strong><\/p>\n<\/blockquote>\n<p>Elle a plaid\u00e9, dans ce cadre, pour une \u00ab\u00a0prolongation de la dur\u00e9e de la formation \u00e0 une ann\u00e9e\u00a0\u00bb, une d\u00e9marche, a-t-elle dit, permettant d&rsquo;approfondir \u00ab\u00a0la responsabilit\u00e9 juridique\u00a0\u00bb chez le moniteur.<\/p>\n<p>Mme Ferhat a rappel\u00e9, par ailleurs, le dernier recensement effectu\u00e9 par le minist\u00e8re des Transports (2018-2019) concernant la capitale, lequel fait ressortir l&rsquo;existence de 983 moniteurs r\u00e9partis sur 626 auto-\u00e9coles (3 seulement pour les personnes aux besoins sp\u00e9cifiques) exer\u00e7ant \u00e0 bord de 978 voitures sillonnant les diff\u00e9rentes communes des 13 circonscriptions administratives de la wilaya.<\/p>\n<blockquote readability=\"7\">\n<p><strong>Elle a fait \u00e9tat d&rsquo;un projet de convention entre son association et le bureau local des Scouts musulmans alg\u00e9riens (SMA) pour la pr\u00e9paration d&rsquo;un projet de sessions de formation au profit des enfants (5 \u00e0 17 ans).<\/strong><\/p>\n<\/blockquote>\n<p>Les espaces publics et les cours des \u00e9coles devront abriter des manifestations dans le domaine de la s\u00e9curit\u00e9 routi\u00e8re, des manifestations encadr\u00e9es par les agents de la s\u00fbret\u00e9 nationale, de la gendarmerie<\/p>\n<p>nationale et de la protection civile.<\/p>\n<\/div>\n<p>Auteur:<br \/>\n<a href=\"http:\/\/www.aps.dz\/regions\/96981-wilaya-d-alger-les-moniteurs-des-auto-ecoles-appeles-a-changer-leurs-methodes-de-travail\">Cliquez ici pour lire l&rsquo;article depuis sa source.<\/a><\/p>\n","protected":false},"excerpt":{"rendered":"<p>ALGER- Les moniteurs des auto-\u00e9coles dans la wilaya d&rsquo;Alger doivent \u00ab\u00a0changer\u00a0\u00bb leurs m\u00e9thodes d&rsquo;enseignement et adopter de nouvelles techniques contribuant \u00e0 la sensibilisation routi\u00e8re des\u00a0conducteurs, a affirm\u00e9, mardi, la pr\u00e9sidente de l&rsquo;Association des moniteurs professionnels d&rsquo;auto-\u00e9coles de la wilaya d&rsquo;Alger, Nabila Ferhat. Mme Ferhat a appel\u00e9 \u00e0 \u00ab\u00a0changer\u00a0\u00bb les m\u00e9thodes de travail des moniteurs \u00e0 [&hellip;]<\/p>\n","protected":false},"author":1790,"featured_media":0,"comment_status":"closed","ping_status":"closed","sticky":false,"template":"","format":"standard","meta":{"fifu_image_url":"","fifu_image_alt":"","footnotes":""},"categories":[53,76],"tags":[],"class_list":["post-66594","post","type-post","status-publish","format-standard","hentry","category-algerie","category-regions"],"_links":{"self":[{"href":"https:\/\/linitiative.ca\/International\/wp-json\/wp\/v2\/posts\/66594","targetHints":{"allow":["GET"]}}],"collection":[{"href":"https:\/\/linitiative.ca\/International\/wp-json\/wp\/v2\/posts"}],"about":[{"href":"https:\/\/linitiative.ca\/International\/wp-json\/wp\/v2\/types\/post"}],"author":[{"embeddable":true,"href":"https:\/\/linitiative.ca\/International\/wp-json\/wp\/v2\/users\/1790"}],"replies":[{"embeddable":true,"href":"https:\/\/linitiative.ca\/International\/wp-json\/wp\/v2\/comments?post=66594"}],"version-history":[{"count":0,"href":"https:\/\/linitiative.ca\/International\/wp-json\/wp\/v2\/posts\/66594\/revisions"}],"wp:attachment":[{"href":"https:\/\/linitiative.ca\/International\/wp-json\/wp\/v2\/media?parent=66594"}],"wp:term":[{"taxonomy":"category","embeddable":true,"href":"https:\/\/linitiative.ca\/International\/wp-json\/wp\/v2\/categories?post=66594"},{"taxonomy":"post_tag","embeddable":true,"href":"https:\/\/linitiative.ca\/International\/wp-json\/wp\/v2\/tags?post=66594"}],"curies":[{"name":"wp","href":"https:\/\/api.w.org\/{rel}","templated":true}]}}