{"id":66595,"date":"2019-11-04T15:37:08","date_gmt":"2019-11-04T20:37:08","guid":{"rendered":"https:\/\/linitiative.ca\/International\/plaidoyer-pour-un-engagement-envers-la-petite-enfance\/"},"modified":"2019-11-04T15:37:08","modified_gmt":"2019-11-04T20:37:08","slug":"plaidoyer-pour-un-engagement-envers-la-petite-enfance","status":"publish","type":"post","link":"https:\/\/linitiative.ca\/International\/plaidoyer-pour-un-engagement-envers-la-petite-enfance\/","title":{"rendered":"Plaidoyer pour un engagement envers la petite enfance"},"content":{"rendered":"<p class=\"c1\">Une rencontre de sensibilisation autour du d\u00e9veloppement de la petite enfance a \u00e9t\u00e9 organis\u00e9e, lundi \u00e0 Jerada, avec pour objectif premier de favoriser une prise de conscience g\u00e9n\u00e9ralis\u00e9e quant \u00e0 l\u2019importance de cette question.<\/p>\n<p class=\"c1\">La rencontre, qui s\u2019est d\u00e9roul\u00e9e en pr\u00e9sence de plusieurs acteurs provinciaux repr\u00e9sentant les autorit\u00e9s, les \u00e9lus, la soci\u00e9t\u00e9 civile et le secteur priv\u00e9, s\u2019inscrit dans le sillage de la campagne nationale d\u2019information et de sensibilisation sur le d\u00e9veloppement de la petite enfance, organis\u00e9e du 21 octobre au 04 novembre.<\/p>\n<p class=\"c1\">Elle a constitu\u00e9 une occasion pour mettre l\u2019accent sur l\u2019imp\u00e9ratif de la poursuite de la mobilisation et de l\u2019engagement des diff\u00e9rentes parties concern\u00e9es pour la promotion du capital humain et l\u2019\u00e9dification d\u2019un avenir prometteur au profit des g\u00e9n\u00e9rations montantes.<\/p>\n<p class=\"c1\">Les intervenants lors de cette rencontre, initi\u00e9e sous le th\u00e8me \u00ab\u00a0Construire l\u2019avenir de nos enfants d\u00e8s la petite enfance\u00a0\u00bb, ont aussi soulign\u00e9 l\u2019impact positif des efforts d\u2019investissement dans le d\u00e9veloppement de la petite enfance sur la r\u00e9duction des disparit\u00e9s \u00e9conomiques, sociales et territoriales.<\/p>\n<p class=\"c1\">Dans son intervention, le gouverneur de la province de Jerada, Mabrouk Tabet, \u00e9galement pr\u00e9sident du Comit\u00e9 provincial de l\u2019Initiative nationale pour le d\u00e9veloppement humain (INDH), a not\u00e9 que cette campagne nationale s\u2019inscrit dans le cadre de la mise en \u0153uvre des programmes de la 3\u00e8me phase de l\u2019INDH, rappelant dans ce sens le message adress\u00e9 par SM le Roi Mohammed VI aux participants aux premi\u00e8res Assises nationales du d\u00e9veloppement humain, organis\u00e9es en septembre dernier \u00e0 Skhirat.<\/p>\n<p class=\"c1\">Mettant en avant l\u2019int\u00e9r\u00eat particulier devant \u00eatre accord\u00e9 \u00e0 la petite enfance eu \u00e9gard \u00e0 son r\u00f4le fondamental dans le fa\u00e7onnement de la personnalit\u00e9 et l\u2019\u00e9panouissement de l\u2019individu, il a invit\u00e9 tous les acteurs \u00e0 f\u00e9d\u00e9rer les efforts afin de r\u00e9unir les conditions n\u00e9cessaires en mati\u00e8re de sant\u00e9, de nutrition et d\u2019enseignement visant \u00e0 permettre \u00e0 l\u2019enfant de se doter des moyens et m\u00e9canismes n\u00e9cessaires pour faire face aux d\u00e9fis de l\u2019avenir.<\/p>\n<p class=\"c1\">Il s\u2019agit aussi de lui offrir les chances de succ\u00e8s dans toutes les \u00e9tapes de la vie, que ce soit \u00e0 l\u2019\u00e9cole ou dans le monde du travail, et partant contribuer de mani\u00e8re agissante au d\u00e9veloppement de la soci\u00e9t\u00e9 et \u00e0 son \u00e9volution, a-t-il poursuivi.<\/p>\n<p class=\"c1\">Selon M. Tabet, le Maroc a r\u00e9alis\u00e9 de nombreux acquis dans divers domaines qui contribuent au d\u00e9veloppement de la petite enfance, mais une mobilisation collective s\u2019impose pour rem\u00e9dier \u00e0 certains d\u00e9ficits constat\u00e9s, notamment en ce qui concerne les disparit\u00e9s entre les milieux urbain et rural.<\/p>\n<p class=\"c1\">Rappelant que l\u2019INDH a \u00e9rig\u00e9 dans sa troisi\u00e8me phase le d\u00e9veloppement du capital humain en t\u00eate des priorit\u00e9s, le gouverneur s\u2019est f\u00e9licit\u00e9 des r\u00e9alisations accomplies ou en cours gr\u00e2ce \u00e0 ce chantier royal, notamment en mati\u00e8re de g\u00e9n\u00e9ralisation de l\u2019enseignement pr\u00e9scolaire de qualit\u00e9 en milieu rural, la mise en place d\u2019un dispositif de sant\u00e9 communautaire et l\u2019organisation de campagnes de sensibilisation ax\u00e9es sur la petite enfance et le changement des comportements.<\/p>\n<p class=\"c1\">De son c\u00f4t\u00e9, le chef de la Division de l\u2019action sociale (DAS), Jalal Tagmouti, a pass\u00e9 en revue les objectifs et les programmes de la troisi\u00e8me phase de l\u2019INDH qui vise, a-t-il dit, \u00e0 combler le retard en mati\u00e8re de d\u00e9veloppement humain en accompagnant le citoyen durant toutes les \u00e9tapes de sa croissance.<\/p>\n<p class=\"c1\">Il a fait savoir dans ce sens que le d\u00e9veloppement de la petite enfance passe par un suivi m\u00e9dical r\u00e9gulier, une alimentation saine et \u00e9quilibr\u00e9e et un enseignement pr\u00e9scolaire de qualit\u00e9.<\/p>\n<p class=\"c1\">M. Tagmouti a par ailleurs indiqu\u00e9 qu\u2019il a \u00e9t\u00e9 proc\u00e9d\u00e9 cette ann\u00e9e \u00e0 l\u2019ouverture de 31 unit\u00e9s d\u2019enseignement pr\u00e9scolaire au niveau de la province de Jerada, dont 20 en milieu rural.<\/p>\n<p class=\"c1\">Le nombre d\u2019enfants enregistr\u00e9s dans les diff\u00e9rentes unit\u00e9s d\u2019enseignement pr\u00e9scolaire de la province s\u2019\u00e9l\u00e8ve \u00e0 306, dont 167 gar\u00e7ons et 139 filles, a-t-on pr\u00e9cis\u00e9, ajoutant que la campagne nationale de sensibilisation est \u00e0 m\u00eame d\u2019engendrer une augmentation de ce nombre.<\/p>\n<p>Auteur: Soufiane ELAHMAR<br \/>\n<a href=\"http:\/\/www.mapoujda.ma\/fr\/plaidoyer-pour-un-engagement-envers-la-petite-enfance\/\">Cliquez ici pour lire l&rsquo;article depuis sa source.<\/a><\/p>\n","protected":false},"excerpt":{"rendered":"<p>Une rencontre de sensibilisation autour du d\u00e9veloppement de la petite enfance a \u00e9t\u00e9 organis\u00e9e, lundi \u00e0 Jerada, avec pour objectif premier de favoriser une prise de conscience g\u00e9n\u00e9ralis\u00e9e quant \u00e0 l\u2019importance de cette question. La rencontre, qui s\u2019est d\u00e9roul\u00e9e en pr\u00e9sence de plusieurs acteurs provinciaux repr\u00e9sentant les autorit\u00e9s, les \u00e9lus, la soci\u00e9t\u00e9 civile et le [&hellip;]<\/p>\n","protected":false},"author":1788,"featured_media":0,"comment_status":"closed","ping_status":"closed","sticky":false,"template":"","format":"standard","meta":{"fifu_image_url":"","fifu_image_alt":"","footnotes":""},"categories":[54,76],"tags":[],"class_list":["post-66595","post","type-post","status-publish","format-standard","hentry","category-maroc","category-regions"],"_links":{"self":[{"href":"https:\/\/linitiative.ca\/International\/wp-json\/wp\/v2\/posts\/66595","targetHints":{"allow":["GET"]}}],"collection":[{"href":"https:\/\/linitiative.ca\/International\/wp-json\/wp\/v2\/posts"}],"about":[{"href":"https:\/\/linitiative.ca\/International\/wp-json\/wp\/v2\/types\/post"}],"author":[{"embeddable":true,"href":"https:\/\/linitiative.ca\/International\/wp-json\/wp\/v2\/users\/1788"}],"replies":[{"embeddable":true,"href":"https:\/\/linitiative.ca\/International\/wp-json\/wp\/v2\/comments?post=66595"}],"version-history":[{"count":0,"href":"https:\/\/linitiative.ca\/International\/wp-json\/wp\/v2\/posts\/66595\/revisions"}],"wp:attachment":[{"href":"https:\/\/linitiative.ca\/International\/wp-json\/wp\/v2\/media?parent=66595"}],"wp:term":[{"taxonomy":"category","embeddable":true,"href":"https:\/\/linitiative.ca\/International\/wp-json\/wp\/v2\/categories?post=66595"},{"taxonomy":"post_tag","embeddable":true,"href":"https:\/\/linitiative.ca\/International\/wp-json\/wp\/v2\/tags?post=66595"}],"curies":[{"name":"wp","href":"https:\/\/api.w.org\/{rel}","templated":true}]}}