{"id":66602,"date":"2019-11-05T05:30:00","date_gmt":"2019-11-05T10:30:00","guid":{"rendered":"https:\/\/linitiative.ca\/International\/pam-vers-la-reconciliation\/"},"modified":"2019-11-05T05:30:00","modified_gmt":"2019-11-05T10:30:00","slug":"pam-vers-la-reconciliation","status":"publish","type":"post","link":"https:\/\/linitiative.ca\/International\/pam-vers-la-reconciliation\/","title":{"rendered":"PAM: Vers la r\u00e9conciliation?"},"content":{"rendered":"<div readability=\"36\">\n<p>Appel de Hakim Benchamach pour le dialogue interne en vue de d\u00e9passer la crise<\/p>\n<p>Le bureau f\u00e9d\u00e9ral renonce aux mesures disciplinaires contre des militants<\/p>\n<p>La normalisation des relations avec le PJD commence par le Nord<\/p>\n<\/div>\n<div readability=\"133.5\">\n<p class=\"rtejustify\">Hakim Benchamach a fini par \u00e9couter la voix de la raison en d\u00e9cidant d\u2019enterrer la hache de guerre et d\u2019ouvrir une nouvelle page avec ses adversaires au sein du PAM. Cette initiative semble \u00eatre d\u00e9cisive pour la survie du parti \u00e0 pr\u00e8s de 2 ans des prochaines \u00e9lections.<\/p>\n<p class=\"rtejustify\">Les Pamistes veulent accorder leurs violons avant la tenue du prochain congr\u00e8s pr\u00e9vu dans les prochains mois. C\u2019est un premier signe du processus de r\u00e9conciliation, l\u2019appel lanc\u00e9 apr\u00e8s la r\u00e9union du bureau f\u00e9d\u00e9ral il y a quelques jours. Sera-t-il entendu par des adversaires, hier encore, \u00e9taient d\u00e9termin\u00e9s \u00e0 en d\u00e9coudre.<\/p>\n<p class=\"rtejustify\">Mais en politique, tout est possible. L\u2019exemple le plus frappant est l\u2019alliance avec l\u2019adversaire le plus farouche, le PJD, au sein du Conseil r\u00e9gional de Tanger-T\u00e9touan-Al Hoce\u00efma. Pourtant, depuis la cr\u00e9ation du PAM, le PJD a \u00e9t\u00e9 diabolis\u00e9. Les islamistes consid\u00e9raient que le PAM \u00e9tait une ligne rouge.<\/p>\n<p class=\"rtejustify\">En tout cas, apr\u00e8s avoir bross\u00e9 un tableau sur la situation politique et \u00e9nonc\u00e9 les transformations des organisations traditionnelles, le bureau f\u00e9d\u00e9ral a point\u00e9 l\u2019absence de visibilit\u00e9 dans l\u2019\u00e9chiquier politique. Dans cette perspective, le SG a d\u00e9velopp\u00e9 les d\u00e9fis que le parti doit relever, dans une situation qui impose une approche unitaire pour la r\u00e9ussite du projet politique.<\/p>\n<p class=\"rtejustify\">Selon lui, dans ce cadre et en r\u00e9ponse aux attentes des citoyens, il est n\u00e9cessaire de mettre \u00e0 niveau le PAM pour qu\u2019il puisse jouer pleinement son r\u00f4le dans le contexte actuel, loin des calculs politiciens et personnels. Il est\u00a0 imp\u00e9ratif de commencer \u00e0 se pr\u00e9parer aux diff\u00e9rents rendez-vous organisationnels et politiques, le 4e congr\u00e8s national pr\u00e9vu au d\u00e9but de l\u2019ann\u00e9e et les multiples \u00e9ch\u00e9ances \u00e9lectorales programm\u00e9es au cours de 2021.<\/p>\n<p class=\"rtejustify\">Tout en rappelant ses deux initiatives du 23 septembre et celle du 16 octobre qui s\u2019inscrivent dans le cadre de la pr\u00e9paration des meilleures conditions pour lancer un dialogue interne. L\u2019objectif est de rassembler toutes les institutions du parti et les militants pour une pr\u00e9paration coll\u00e9giale du 4e congr\u00e8s national du PAM. Le mot d\u2019ordre est de s\u2019inscrire dans une vision unitaire, int\u00e9gr\u00e9e et efficace, \u00e0 m\u00eame de remettre \u00e0 niveau les r\u00f4les politiques du parti pour qu\u2019il remplisse ses missions futures.<\/p>\n<p class=\"rtecenter\"><strong>Un message clair<\/strong><\/p>\n<p class=\"rtejustify\">Ainsi, dans le cadre de la main tendue en vue de construire un nouvel \u00e9tat d\u2019esprit, marqu\u00e9 par une confiance mutuelle, le bureau f\u00e9d\u00e9ral a d\u00e9cid\u00e9 \u00e0 l\u2019unanimit\u00e9 d\u2019annuler les mesures disciplinaires d\u00e9cid\u00e9es contre certains de ses membres. Les initiateurs de cette op\u00e9ration veulent passer un message clair: l\u2019espoir de voir les adversaires d\u2019hier r\u00e9agir positivement \u00e0 l\u2019appel lanc\u00e9 par le secr\u00e9taire g\u00e9n\u00e9ral.<\/p>\n<p class=\"rtejustify\">Il est temps de prendre conscience de la n\u00e9cessit\u00e9 de\u00a0 se lib\u00e9rer des carcans politiques et organisationnels pour faire un pas en avant. Un moyen qui garantit une r\u00e9elle fondation des ponts et passerelles pour un dialogue constructif, souligne le communiqu\u00e9 du bureau f\u00e9d\u00e9ral.<\/p>\n<p class=\"rtejustify\">Au cours de sa r\u00e9union, les membres se sont pench\u00e9s sur trois rapports: p\u00f4le organisationnel et vie interne du parti, p\u00f4le de l\u2019information et la communication et p\u00f4le de l\u2019encadrement et de la formation. Apr\u00e8s des discussions sur ces th\u00e9matiques, le bureau f\u00e9d\u00e9ral a pris plusieurs initiatives, avec une programmation et un agenda pr\u00e9cis. Il s\u2019agit notamment d\u2019organiser la rencontre nationale de la jeunesse, sous la supervision du secr\u00e9tariat g\u00e9n\u00e9ral et le forum national des comp\u00e9tences.<\/p>\n<p class=\"rtejustify\">Au menu \u00e9galement: trois tables rondes r\u00e9gionales et le lancement d\u2019initiatives dans le domaine de la communication. Au final, le bureau f\u00e9d\u00e9ral a recommand\u00e9 \u00e0 la commission pr\u00e9paratoire du 4e congr\u00e8s d\u2019acc\u00e9l\u00e9rer ses travaux pour la tenue de ce rendez-vous d\u00e9cisif dans les meilleures conditions, tout en respectant les d\u00e9lais r\u00e9glementaires.<\/p>\n<p class=\"rtejustify\">Cet interm\u00e8de vient comme une tentative de sortie de crise d\u2019un parti qui est au bord de l\u2019implosion. Au point que le clan Avenir avait mis au point une strat\u00e9gie de conqu\u00eate du secr\u00e9tariat g\u00e9n\u00e9ral du PAM. Les animateurs de ce projet sont Ahmed Akhchich\u00e8ne, ancien ministre et pr\u00e9sident de la r\u00e9gion Marrakech-Safi, Fatima Zahra Mansouri, ex-maire de Marrakech et actuel pr\u00e9sidente du conseil national du PAM, et le d\u00e9put\u00e9 Abdelattif Ouahbi.<\/p>\n<p class=\"rtejustify\">Ce dernier, ancien chef du groupe parlementaire \u00e0 la Chambre des repr\u00e9sentants, ne cache pas son ambition d\u2019\u00eatre port\u00e9 \u00e0 la t\u00eate de la formation. Avec d\u2019autres, ils ont tent\u00e9 une sorte de putsch qui n\u2019a pas pour le moment r\u00e9ussi, pour reprendre l\u2019expression de l\u2019un de leurs adversaires dans le parti.<\/p>\n<blockquote readability=\"20\">\n<p class=\"rtecenter\"><strong><span class=\"c4\">Statu quo<\/span><\/strong><\/p>\n<p class=\"rtejustify\">En l\u2019absence du SG, les contestataires ont \u00e9lu une commission pr\u00e9paratoire pour l\u2019organisation du 4e congr\u00e8s, avec comme pr\u00e9sident Samir Kodar. Ils ont m\u00eame fix\u00e9 la date du congr\u00e8s \u00e0 fin septembre, puis report\u00e9 \u00e0 la mi-d\u00e9cembre. Entre-temps, Hakim Benchamach a saisi le tribunal de premi\u00e8re instance de Rabat pour invalider l\u2019\u00e9lection de cette commission pr\u00e9paratoire. Finalement, la justice a donn\u00e9 raison au SG et annul\u00e9 l\u2019\u00e9lection de Samir Kodar comme pr\u00e9sident de la commission pr\u00e9paratoire. Les adversaires de Hakim Benchamach, s\u2019ils ont interjet\u00e9 appel de ce jugement, ont calm\u00e9 leur ardeur. Pour l\u2019heure, c\u2019est le statu quo. Auparavant, le SG du PAM avait exclu plusieurs responsables dont Samir Kodar. Ce dernier avait d\u00e9pos\u00e9 plainte et demand\u00e9 \u00e0 la justice d\u2019annuler cette expulsion. Finalement, le tribunal a prononc\u00e9 un autre jugement en sa faveur, en annulant son exclusion du parti, d\u00e9cid\u00e9e par le SG du PAM.<\/p>\n<\/blockquote>\n<p class=\"rtejustify\"><em>M.C.<\/em><\/p>\n<\/div>\n<p>Auteur: hlafriqi<br \/>\n<a href=\"https:\/\/www.leconomiste.com\/article\/1052702-pam-vers-la-reconciliation\">Cliquez ici pour lire l&rsquo;article depuis sa source.<\/a><\/p>\n","protected":false},"excerpt":{"rendered":"<p>Appel de Hakim Benchamach pour le dialogue interne en vue de d\u00e9passer la crise Le bureau f\u00e9d\u00e9ral renonce aux mesures disciplinaires contre des militants La normalisation des relations avec le PJD commence par le Nord Hakim Benchamach a fini par \u00e9couter la voix de la raison en d\u00e9cidant d\u2019enterrer la hache de guerre et d\u2019ouvrir [&hellip;]<\/p>\n","protected":false},"author":1763,"featured_media":0,"comment_status":"closed","ping_status":"closed","sticky":false,"template":"","format":"standard","meta":{"fifu_image_url":"","fifu_image_alt":"","footnotes":""},"categories":[78,54],"tags":[],"class_list":["post-66602","post","type-post","status-publish","format-standard","hentry","category-economie","category-maroc"],"_links":{"self":[{"href":"https:\/\/linitiative.ca\/International\/wp-json\/wp\/v2\/posts\/66602","targetHints":{"allow":["GET"]}}],"collection":[{"href":"https:\/\/linitiative.ca\/International\/wp-json\/wp\/v2\/posts"}],"about":[{"href":"https:\/\/linitiative.ca\/International\/wp-json\/wp\/v2\/types\/post"}],"author":[{"embeddable":true,"href":"https:\/\/linitiative.ca\/International\/wp-json\/wp\/v2\/users\/1763"}],"replies":[{"embeddable":true,"href":"https:\/\/linitiative.ca\/International\/wp-json\/wp\/v2\/comments?post=66602"}],"version-history":[{"count":0,"href":"https:\/\/linitiative.ca\/International\/wp-json\/wp\/v2\/posts\/66602\/revisions"}],"wp:attachment":[{"href":"https:\/\/linitiative.ca\/International\/wp-json\/wp\/v2\/media?parent=66602"}],"wp:term":[{"taxonomy":"category","embeddable":true,"href":"https:\/\/linitiative.ca\/International\/wp-json\/wp\/v2\/categories?post=66602"},{"taxonomy":"post_tag","embeddable":true,"href":"https:\/\/linitiative.ca\/International\/wp-json\/wp\/v2\/tags?post=66602"}],"curies":[{"name":"wp","href":"https:\/\/api.w.org\/{rel}","templated":true}]}}