{"id":66605,"date":"2019-11-05T06:00:00","date_gmt":"2019-11-05T11:00:00","guid":{"rendered":"https:\/\/linitiative.ca\/International\/echange-dinformations-bruxelles-renforce-son-arsenal-de-securite\/"},"modified":"2019-11-05T06:00:00","modified_gmt":"2019-11-05T11:00:00","slug":"echange-dinformations-bruxelles-renforce-son-arsenal-de-securite","status":"publish","type":"post","link":"https:\/\/linitiative.ca\/International\/echange-dinformations-bruxelles-renforce-son-arsenal-de-securite\/","title":{"rendered":"Echange d\u2019informations: Bruxelles renforce son arsenal de s\u00e9curit\u00e9"},"content":{"rendered":"<div readability=\"34\">\n<p>Des propositions relatives \u00e0 l&rsquo;interop\u00e9rabilit\u00e9<\/p>\n<p>Contre les fake news les plateformes en ligne somm\u00e9es d\u2019adopter d\u2019autres mesures<\/p>\n<\/div>\n<div readability=\"76\">\n<p class=\"rtejustify\">La l\u00e9gislation de l\u2019UE en mati\u00e8re de s\u00e9curit\u00e9 se renforce. Pour cela, la Commission europ\u00e9enne a pris des initiatives dans plusieurs domaines cl\u00e9s dont notamment la lutte contre le terrorisme, l&rsquo;\u00e9change d&rsquo;informations, la lutte contre la radicalisation et la cybers\u00e9curit\u00e9. Dans un r\u00e9cent rapport, l\u2019institution met l\u2019accent sur plusieurs points.<\/p>\n<p class=\"rtejustify\"><strong>\u25a0 Am\u00e9lioration de l&rsquo;\u00e9change d&rsquo;informations:<\/strong> Les Etats membres \u00e9changent plus d&rsquo;informations que jamais auparavant, notamment gr\u00e2ce \u00e0 l&rsquo;aide apport\u00e9e par des agences de l&rsquo;UE telles qu&rsquo;Europol. Toutefois, pour combler les lacunes qui persistent en mati\u00e8re d&rsquo;information, il est essentiel que les syst\u00e8mes puissent communiquer les uns avec les autres. C&rsquo;est pourquoi la Commission a fait de la mise en \u0153uvre, d&rsquo;ici \u00e0 2020, des propositions relatives \u00e0 l&rsquo;interop\u00e9rabilit\u00e9 sa priorit\u00e9 absolue en mati\u00e8re de s\u00e9curit\u00e9. Le Parlement europ\u00e9en et le Conseil sont invit\u00e9s \u00e0 parvenir rapidement \u00e0 un accord sur toutes les propositions l\u00e9gislatives en instance concernant les syst\u00e8mes d&rsquo;information en mati\u00e8re de s\u00e9curit\u00e9, y compris la mise en \u0153uvre technique de l&rsquo;ETIAS (syst\u00e8me europ\u00e9en d&rsquo;information et d&rsquo;autorisation de voyage) et le renforcement du syst\u00e8me d&rsquo;information sur les visas.<\/p>\n<p class=\"rtejustify\"><strong>\u25a0 Cybers\u00e9curit\u00e9:<\/strong> Bruxelles a renforc\u00e9 sa cyber-r\u00e9silience et s&#8217;emploie d\u00e9sormais \u00e0 assurer la cybers\u00e9curit\u00e9 des r\u00e9seaux 5G. A la suite de l&rsquo;\u00e9valuation coordonn\u00e9e des risques, les Etats membres devraient maintenant s&rsquo;entendre sur une panoplie de mesures d&rsquo;att\u00e9nuation d&rsquo;ici au 31 d\u00e9cembre.<\/p>\n<p class=\"rtejustify\"><strong>\u25a0 D\u00e9sinformation:<\/strong> Les efforts se poursuivent pour lutter contre la d\u00e9sinformation et prot\u00e9ger l&rsquo;int\u00e9grit\u00e9 des \u00e9lections gr\u00e2ce au code de bonnes pratiques sign\u00e9 en octobre 2018, qui repose sur l&rsquo;autor\u00e9gulation. Un an plus tard, alors que des efforts satisfaisants ont \u00e9t\u00e9 d\u00e9ploy\u00e9s par les signataires, il convient que les plateformes en ligne adoptent des mesures suppl\u00e9mentaires. Et ce, en particulier lorsqu&rsquo;il s&rsquo;agit de donner aux consommateurs des moyens d&rsquo;action et de respecter les engagements.<\/p>\n<p class=\"rtejustify\"><strong>\u25a0 Contenus \u00e0 caract\u00e8re terroriste en ligne:<\/strong> Etant donn\u00e9 la menace permanente qu\u2019ils repr\u00e9sentent, la Commission invite le Parlement europ\u00e9en et le Conseil \u00e0 parvenir \u00e0 un accord sur la l\u00e9gislation propos\u00e9e d&rsquo;ici \u00e0 la fin de l&rsquo;ann\u00e9e 2019. Parall\u00e8lement, des partenariats volontaires avec les plateformes en ligne ont permis de faire avancer les travaux.<\/p>\n<blockquote readability=\"11\">\n<p class=\"rtecenter\"><strong><span class=\"c4\">PNR, anti-terrorisme<\/span><\/strong><\/p>\n<p class=\"rtejustify\">Plusieurs actes l\u00e9gislatifs essentiels en mati\u00e8re de s\u00e9curit\u00e9, en ce qui concerne le terrorisme et la cybercriminalit\u00e9, ne sont pas encore pleinement mis en \u0153uvre par tous les Etats membres. Il s&rsquo;agit notamment de dossiers prioritaires tels que l&rsquo;\u00e9change des donn\u00e9es des dossiers passagers (PNR) et la directive relative \u00e0 la lutte contre le terrorisme. Treize Etats membres seulement mettent en \u0153uvre les r\u00e8gles sur les restrictions d&rsquo;acc\u00e8s aux armes \u00e0 feu et 21 autres doivent encore transposer celles en mati\u00e8re de lutte contre le blanchiment de capitaux. En outre, 23 pays n&rsquo;appliquent toujours pas les mesures criminalisant les abus sexuels commis contre des enfants et quatre ne respectent pas la l\u00e9gislation relative aux attaques contre les syst\u00e8mes d&rsquo;information.<\/p>\n<\/blockquote>\n<p class=\"rtejustify\"><em>F. Z. T.<\/em><\/p>\n<\/div>\n<p>Auteur: hlafriqi<br \/>\n<a href=\"https:\/\/www.leconomiste.com\/article\/1052692-echange-d-informations-bruxelles-renforce-son-arsenal-de-securite\">Cliquez ici pour lire l&rsquo;article depuis sa source.<\/a><\/p>\n","protected":false},"excerpt":{"rendered":"<p>Des propositions relatives \u00e0 l&rsquo;interop\u00e9rabilit\u00e9 Contre les fake news les plateformes en ligne somm\u00e9es d\u2019adopter d\u2019autres mesures La l\u00e9gislation de l\u2019UE en mati\u00e8re de s\u00e9curit\u00e9 se renforce. Pour cela, la Commission europ\u00e9enne a pris des initiatives dans plusieurs domaines cl\u00e9s dont notamment la lutte contre le terrorisme, l&rsquo;\u00e9change d&rsquo;informations, la lutte contre la radicalisation et [&hellip;]<\/p>\n","protected":false},"author":1763,"featured_media":0,"comment_status":"closed","ping_status":"closed","sticky":false,"template":"","format":"standard","meta":{"fifu_image_url":"","fifu_image_alt":"","footnotes":""},"categories":[78,54],"tags":[],"class_list":["post-66605","post","type-post","status-publish","format-standard","hentry","category-economie","category-maroc"],"_links":{"self":[{"href":"https:\/\/linitiative.ca\/International\/wp-json\/wp\/v2\/posts\/66605","targetHints":{"allow":["GET"]}}],"collection":[{"href":"https:\/\/linitiative.ca\/International\/wp-json\/wp\/v2\/posts"}],"about":[{"href":"https:\/\/linitiative.ca\/International\/wp-json\/wp\/v2\/types\/post"}],"author":[{"embeddable":true,"href":"https:\/\/linitiative.ca\/International\/wp-json\/wp\/v2\/users\/1763"}],"replies":[{"embeddable":true,"href":"https:\/\/linitiative.ca\/International\/wp-json\/wp\/v2\/comments?post=66605"}],"version-history":[{"count":0,"href":"https:\/\/linitiative.ca\/International\/wp-json\/wp\/v2\/posts\/66605\/revisions"}],"wp:attachment":[{"href":"https:\/\/linitiative.ca\/International\/wp-json\/wp\/v2\/media?parent=66605"}],"wp:term":[{"taxonomy":"category","embeddable":true,"href":"https:\/\/linitiative.ca\/International\/wp-json\/wp\/v2\/categories?post=66605"},{"taxonomy":"post_tag","embeddable":true,"href":"https:\/\/linitiative.ca\/International\/wp-json\/wp\/v2\/tags?post=66605"}],"curies":[{"name":"wp","href":"https:\/\/api.w.org\/{rel}","templated":true}]}}