{"id":66606,"date":"2019-11-05T06:15:00","date_gmt":"2019-11-05T11:15:00","guid":{"rendered":"https:\/\/linitiative.ca\/International\/algerie-lelection-presidentielle-approche-a-grands-pas\/"},"modified":"2019-11-05T06:15:00","modified_gmt":"2019-11-05T11:15:00","slug":"algerie-lelection-presidentielle-approche-a-grands-pas","status":"publish","type":"post","link":"https:\/\/linitiative.ca\/International\/algerie-lelection-presidentielle-approche-a-grands-pas\/","title":{"rendered":"Alg\u00e9rie: L\u2019\u00e9lection pr\u00e9sidentielle approche \u00e0 grands pas!"},"content":{"rendered":"<div readability=\"36\">\n<p>Cinq dossiers valid\u00e9s sur 23<\/p>\n<p>Portrait des candidats en lice<\/p>\n<p>Plus que 7 jours pour rendre officielle la liste<\/p>\n<\/div>\n<div readability=\"114\">\n<p class=\"rtejustify\">L\u2019autorit\u00e9 \u00e9lectorale alg\u00e9rienne a annonc\u00e9, samedi 2 novembre, avoir valid\u00e9 les dossiers de cinq candidats sur 23 \u00e0 l\u2019\u00e9lection pr\u00e9sidentielle pr\u00e9vue le 12 d\u00e9cembre. Le Conseil constitutionnel a sept jours pour rendre officielle la liste des candidats, apr\u00e8s d\u2019\u00e9ventuels recours.<\/p>\n<p class=\"rtejustify\">Ni l\u2019annonce des noms des cinq candidats, ni les messages r\u00e9p\u00e9t\u00e9s des autorit\u00e9s affirmant que le scrutin \u00e9tait n\u00e9cessaire n\u2019ont calm\u00e9 la contestation. A 42 jours de l\u2019\u00e9lection, les protestataires rejettent l\u2019\u00e9ch\u00e9ance au motif qu\u2019elle ne pr\u00e9sente pas les garanties de transparence n\u00e9cessaires.<\/p>\n<p class=\"rtejustify\">Le mouvement de contestation refuse que l\u2019\u00e9lection pr\u00e9sidentielle soit organis\u00e9e par le pouvoir, aux mains d\u2019ex-figures li\u00e9es aux vingt ann\u00e9es de pr\u00e9sidence Bouteflika. Rappelons qu\u2019un premier scrutin pr\u00e9vu le 4 juillet a \u00e9t\u00e9 annul\u00e9, faute de candidats.<\/p>\n<p class=\"rtejustify\">Le 1er novembre, jour f\u00e9ri\u00e9, f\u00eate nationale, anniversaire du d\u00e9but de la guerre d\u2019ind\u00e9pendance \u2013 le 1er novembre 1954 \u2013, a donn\u00e9 une tonalit\u00e9 particuli\u00e8re \u00e0 ce 37e vendredi de protestation, nouvelle illustration de la profondeur du Hirak, le mouvement populaire contestant le r\u00e9gime en place. Cette \u00e9ni\u00e8me mobilisation est survenue alors que les magistrats sont entr\u00e9s en gr\u00e8ve \u00abillimit\u00e9e\u00bb afin de protester contre la \u00abmainmise de l\u2019ex\u00e9cutif sur le pouvoir judiciaire\u00bb.<\/p>\n<p class=\"rtejustify\">Dans la poign\u00e9e de candidats retenus par l\u2019Autorit\u00e9 nationale ind\u00e9pendante des \u00e9lections (ANIE) figurent deux ex-Premiers ministres du pr\u00e9sident d\u00e9chu. Trois des candidats retenus ont travaill\u00e9 sous son autorit\u00e9: Ali Benflis, directeur de cabinet \u00e0 la pr\u00e9sidence puis Premier ministre, Abdelmadjid Tebboune, plusieurs fois ministre puis Premier ministre, et Azzedine Mihoubi, ministre de la Culture. Le quatri\u00e8me candidat est Abdelkader Bengrina, ancien ministre du Tourisme (1997-1999) et ancien d\u00e9put\u00e9 d\u2019Alger, issu d\u2019un parti qui a soutenu l\u2019ancien pr\u00e9sident. Le cinqui\u00e8me, Abdelaziz Bela\u00efd, a notamment fait partie d\u2019organisations de jeunes qui ont aussi soutenu l\u2019ancien pr\u00e9sident. Le portrait des candidats:<\/p>\n<p class=\"rtejustify\"><strong>\u2022 Ali Benflis<\/strong><br \/>Ancien secr\u00e9taire g\u00e9n\u00e9ral du Front de lib\u00e9ration nationale, il a fond\u00e9 le Parti avant-garde des libert\u00e9s. A 75 ans, il se pr\u00e9sente depuis quinze ans comme le principal opposant d\u2019Abdelaziz Bouteflika, dont il fut chef du gouvernement en 2000. Limog\u00e9 en 2003, Benflis est candidat l\u2019ann\u00e9e suivante, puis en 2014. Il arrive \u00e0 chaque fois deuxi\u00e8me, tr\u00e8s loin derri\u00e8re un pr\u00e9sident r\u00e9\u00e9lu avec plus de 80% des voix.<\/p>\n<p class=\"rtejustify\"><strong>\u2022 Abdelmadjid Tebboune<\/strong><br \/>Se d\u00e9finissant comme candidat \u00abind\u00e9pendant\u00bb, Abdelmadjid Tebboune, 73 ans, a \u00e9t\u00e9 haut fonctionnaire, puis plusieurs fois wali (pr\u00e9fet) avant d\u2019\u00eatre nomm\u00e9 ministre de la Communication d\u2019Abdelaziz Bouteflika \u00e0 son arriv\u00e9e au pouvoir en 1999. Ce dernier le rappelle au gouvernement en 2012 et lui en confie la t\u00eate en mai 2017, avant de le limoger trois mois plus tard sur fond de lutte de clans dans son entourage.<\/p>\n<p class=\"rtejustify\"><strong>\u2022 Azzedine Mihoubi<\/strong><br \/>Il \u00e9tait le ministre de la Culture du pr\u00e9sident d\u00e9chu, jusqu\u2019en mars. A 60 ans, Azzedine Mihoubi dirige depuis quelques mois le Rassemblement national d\u00e9mocratique (RND), pilier de la coalition ayant soutenu Abdelaziz Bouteflika durant sa pr\u00e9sidence.<\/p>\n<p class=\"rtejustify\"><strong>\u2022 Abdelkader Bengrina<\/strong><br \/>Il repr\u00e9sente El-Bina (Construction), petit parti membre d\u2019une coalition islamiste, dont l\u2019un des d\u00e9put\u00e9s a \u00e9t\u00e9 \u00e9lu en septembre \u00e0 la pr\u00e9sidence de l\u2019Assembl\u00e9e nationale.<\/p>\n<p class=\"rtejustify\"><strong>\u2022 Abdelaziz Bela\u00efd<\/strong><br \/>Ancien cadre du Front de lib\u00e9ration nationale (FLN), Bela\u00efd a fond\u00e9 le Front El-Moustakbel, micro-parti proche du pouvoir.<\/p>\n<p class=\"rtejustify\"><em>M.Ko. avec Agences<\/em><\/p>\n<p class=\"rtejustify\">\u00a0<\/p>\n<\/div>\n<p>Auteur: hlafriqi<br \/>\n<a href=\"https:\/\/www.leconomiste.com\/article\/1052703-algerie-l-election-presidentielle-approche-grands-pas\">Cliquez ici pour lire l&rsquo;article depuis sa source.<\/a><\/p>\n","protected":false},"excerpt":{"rendered":"<p>Cinq dossiers valid\u00e9s sur 23 Portrait des candidats en lice Plus que 7 jours pour rendre officielle la liste L\u2019autorit\u00e9 \u00e9lectorale alg\u00e9rienne a annonc\u00e9, samedi 2 novembre, avoir valid\u00e9 les dossiers de cinq candidats sur 23 \u00e0 l\u2019\u00e9lection pr\u00e9sidentielle pr\u00e9vue le 12 d\u00e9cembre. Le Conseil constitutionnel a sept jours pour rendre officielle la liste des [&hellip;]<\/p>\n","protected":false},"author":1763,"featured_media":0,"comment_status":"closed","ping_status":"closed","sticky":false,"template":"","format":"standard","meta":{"fifu_image_url":"","fifu_image_alt":"","footnotes":""},"categories":[78,54],"tags":[],"class_list":["post-66606","post","type-post","status-publish","format-standard","hentry","category-economie","category-maroc"],"_links":{"self":[{"href":"https:\/\/linitiative.ca\/International\/wp-json\/wp\/v2\/posts\/66606","targetHints":{"allow":["GET"]}}],"collection":[{"href":"https:\/\/linitiative.ca\/International\/wp-json\/wp\/v2\/posts"}],"about":[{"href":"https:\/\/linitiative.ca\/International\/wp-json\/wp\/v2\/types\/post"}],"author":[{"embeddable":true,"href":"https:\/\/linitiative.ca\/International\/wp-json\/wp\/v2\/users\/1763"}],"replies":[{"embeddable":true,"href":"https:\/\/linitiative.ca\/International\/wp-json\/wp\/v2\/comments?post=66606"}],"version-history":[{"count":0,"href":"https:\/\/linitiative.ca\/International\/wp-json\/wp\/v2\/posts\/66606\/revisions"}],"wp:attachment":[{"href":"https:\/\/linitiative.ca\/International\/wp-json\/wp\/v2\/media?parent=66606"}],"wp:term":[{"taxonomy":"category","embeddable":true,"href":"https:\/\/linitiative.ca\/International\/wp-json\/wp\/v2\/categories?post=66606"},{"taxonomy":"post_tag","embeddable":true,"href":"https:\/\/linitiative.ca\/International\/wp-json\/wp\/v2\/tags?post=66606"}],"curies":[{"name":"wp","href":"https:\/\/api.w.org\/{rel}","templated":true}]}}