{"id":66607,"date":"2019-11-05T05:42:00","date_gmt":"2019-11-05T10:42:00","guid":{"rendered":"https:\/\/linitiative.ca\/International\/gaspillage-du-pain-le-premier-ministre-souhaite-une-campagne-de-sensibilisation\/"},"modified":"2019-11-05T05:42:00","modified_gmt":"2019-11-05T10:42:00","slug":"gaspillage-du-pain-le-premier-ministre-souhaite-une-campagne-de-sensibilisation","status":"publish","type":"post","link":"https:\/\/linitiative.ca\/International\/gaspillage-du-pain-le-premier-ministre-souhaite-une-campagne-de-sensibilisation\/","title":{"rendered":"Gaspillage du pain : le Premier ministre souhaite une campagne de sensibilisation"},"content":{"rendered":"<p>Lors d\u2019une r\u00e9union interminist\u00e9rielle consacr\u00e9e \u00e0 l&rsquo;examen du Programme de d\u00e9veloppement de la fili\u00e8re c\u00e9r\u00e9ali\u00e8re, le premier ministre Nouredddine Bedoui a analys\u00e9 la r\u00e9alit\u00e9 \u00e9conomique du pays qui fait ressortir plusieurs dysfonctionnements et ph\u00e9nom\u00e8nes tr\u00e8s n\u00e9gatifs , notamment, en mati\u00e8re d&rsquo;orientation et d&rsquo;efficacit\u00e9 de la subvention accord\u00e9e par l&rsquo;Etat, outre le ph\u00e9nom\u00e8ne de gaspillage du pain, qui a atteint un seuil alarmant, p\u00e8se sur le tr\u00e9sor public et s&rsquo;oppose aux valeurs de notre soci\u00e9t\u00e9. Les statistiques font \u00e9tat de 10 millions de baguettes gaspill\u00e9es par jour, soit 36 milliards de DA par an.<\/p>\n<p>Le premier ministre a relev\u00e9 l&rsquo;imp\u00e9ratif de poursuivre le travail pour la rationalisation de la consommation locale en bl\u00e9 tendre, \u00e0 travers notamment la lutte contre le gaspillage dans la consommation du pain et en diversifiant le mode alimentaire pour prot\u00e9ger la sant\u00e9 du citoyen. Pour ce faire, le Premier ministre a d\u00e9cid\u00e9 de lancer une large campagne de sensibilisation, supervis\u00e9e par les ministres du Commerce et de la Sant\u00e9, avec la participation de tous les secteurs concern\u00e9s, notamment l\u2019Education nationale et les Affaires religieuses ainsi que les organisations de la soci\u00e9t\u00e9 civile, en sus des experts de la sant\u00e9 et de la communication, et l\u2019utilisation de tous les canaux de communication, et plus particuli\u00e8rement les r\u00e9seaux sociaux.<\/p>\n<p><strong>R\u00e9daction Web<\/strong><\/p>\n<p>Auteur: elmoudjahid<br \/>\n<a href=\"http:\/\/www.elmoudjahid.com\/fr\/actualites\/144065\">Cliquez ici pour lire l&rsquo;article depuis sa source.<\/a><\/p>\n","protected":false},"excerpt":{"rendered":"<p>Lors d\u2019une r\u00e9union interminist\u00e9rielle consacr\u00e9e \u00e0 l&rsquo;examen du Programme de d\u00e9veloppement de la fili\u00e8re c\u00e9r\u00e9ali\u00e8re, le premier ministre Nouredddine Bedoui a analys\u00e9 la r\u00e9alit\u00e9 \u00e9conomique du pays qui fait ressortir plusieurs dysfonctionnements et ph\u00e9nom\u00e8nes tr\u00e8s n\u00e9gatifs , notamment, en mati\u00e8re d&rsquo;orientation et d&rsquo;efficacit\u00e9 de la subvention accord\u00e9e par l&rsquo;Etat, outre le ph\u00e9nom\u00e8ne de gaspillage du [&hellip;]<\/p>\n","protected":false},"author":1744,"featured_media":0,"comment_status":"closed","ping_status":"closed","sticky":false,"template":"","format":"standard","meta":{"fifu_image_url":"","fifu_image_alt":"","footnotes":""},"categories":[73,53],"tags":[],"class_list":["post-66607","post","type-post","status-publish","format-standard","hentry","category-actualite","category-algerie"],"_links":{"self":[{"href":"https:\/\/linitiative.ca\/International\/wp-json\/wp\/v2\/posts\/66607","targetHints":{"allow":["GET"]}}],"collection":[{"href":"https:\/\/linitiative.ca\/International\/wp-json\/wp\/v2\/posts"}],"about":[{"href":"https:\/\/linitiative.ca\/International\/wp-json\/wp\/v2\/types\/post"}],"author":[{"embeddable":true,"href":"https:\/\/linitiative.ca\/International\/wp-json\/wp\/v2\/users\/1744"}],"replies":[{"embeddable":true,"href":"https:\/\/linitiative.ca\/International\/wp-json\/wp\/v2\/comments?post=66607"}],"version-history":[{"count":0,"href":"https:\/\/linitiative.ca\/International\/wp-json\/wp\/v2\/posts\/66607\/revisions"}],"wp:attachment":[{"href":"https:\/\/linitiative.ca\/International\/wp-json\/wp\/v2\/media?parent=66607"}],"wp:term":[{"taxonomy":"category","embeddable":true,"href":"https:\/\/linitiative.ca\/International\/wp-json\/wp\/v2\/categories?post=66607"},{"taxonomy":"post_tag","embeddable":true,"href":"https:\/\/linitiative.ca\/International\/wp-json\/wp\/v2\/tags?post=66607"}],"curies":[{"name":"wp","href":"https:\/\/api.w.org\/{rel}","templated":true}]}}