{"id":66608,"date":"2019-11-05T06:08:00","date_gmt":"2019-11-05T11:08:00","guid":{"rendered":"https:\/\/linitiative.ca\/International\/filiere-cerealiere-renoncer-graduellement-a-limportation\/"},"modified":"2019-11-05T06:08:00","modified_gmt":"2019-11-05T11:08:00","slug":"filiere-cerealiere-renoncer-graduellement-a-limportation","status":"publish","type":"post","link":"https:\/\/linitiative.ca\/International\/filiere-cerealiere-renoncer-graduellement-a-limportation\/","title":{"rendered":"Fili\u00e8re c\u00e9r\u00e9ali\u00e8re : renoncer graduellement \u00e0 l&rsquo;importation"},"content":{"rendered":"<p>Le Premier ministre Noureddine Bedoui a affirm\u00e9 lundi, que le gouvernement \u00e9tait d\u00e9termin\u00e9 \u00e0 impulser et d\u00e9velopper la fili\u00e8re c\u00e9r\u00e9ali\u00e8re pour assurer la s\u00e9curit\u00e9 alimentaire du pays et renoncer graduellement \u00e0 l&rsquo;importation tout en ouvrant des perspectives d&rsquo;exportation dans l&rsquo;avenir, a indiqu\u00e9 un communiqu\u00e9 des services du Premier minist\u00e8re qui pr\u00e9sidait une r\u00e9union interminist\u00e9rielle consacr\u00e9e \u00e0 l&rsquo;examen du Programme de d\u00e9veloppement de la fili\u00e8re c\u00e9r\u00e9ali\u00e8re.<\/p>\n<p>Le ministre de l&rsquo;Agriculture a fait \u00e9tat de la hausse consid\u00e9rable des niveaux de production atteignant 56,3 millions de quintaux, avec une augmentation remarquable de la quantit\u00e9 du produit collect\u00e9, de l&rsquo;ordre de 28 millions de quintaux, soit 152% par rapport aux niveaux de collecte enregistr\u00e9s au cours de la derni\u00e8re d\u00e9cennie. Il a not\u00e9 l&rsquo;essor qualitatif de la production du bl\u00e9 dur avec 32 millions de quintaux. Cette r\u00e9alisation a permis d&rsquo;atteindre l&rsquo;autosuffisance en arr\u00eatant, en juin 2019, les importations de cette mati\u00e8re. Ces mesures ont r\u00e9duit consid\u00e9rablement la facture d&rsquo;importation de plus d&rsquo;un milliard USD, dont 908 millions USD pour le bl\u00e9 dur.<\/p>\n<p><strong>R\u00e9daction Web<\/strong><\/p>\n<p>Auteur: elmoudjahid<br \/>\n<a href=\"http:\/\/www.elmoudjahid.com\/fr\/actualites\/144066\">Cliquez ici pour lire l&rsquo;article depuis sa source.<\/a><\/p>\n","protected":false},"excerpt":{"rendered":"<p>Le Premier ministre Noureddine Bedoui a affirm\u00e9 lundi, que le gouvernement \u00e9tait d\u00e9termin\u00e9 \u00e0 impulser et d\u00e9velopper la fili\u00e8re c\u00e9r\u00e9ali\u00e8re pour assurer la s\u00e9curit\u00e9 alimentaire du pays et renoncer graduellement \u00e0 l&rsquo;importation tout en ouvrant des perspectives d&rsquo;exportation dans l&rsquo;avenir, a indiqu\u00e9 un communiqu\u00e9 des services du Premier minist\u00e8re qui pr\u00e9sidait une r\u00e9union interminist\u00e9rielle consacr\u00e9e [&hellip;]<\/p>\n","protected":false},"author":1744,"featured_media":0,"comment_status":"closed","ping_status":"closed","sticky":false,"template":"","format":"standard","meta":{"fifu_image_url":"","fifu_image_alt":"","footnotes":""},"categories":[73,53],"tags":[],"class_list":["post-66608","post","type-post","status-publish","format-standard","hentry","category-actualite","category-algerie"],"_links":{"self":[{"href":"https:\/\/linitiative.ca\/International\/wp-json\/wp\/v2\/posts\/66608","targetHints":{"allow":["GET"]}}],"collection":[{"href":"https:\/\/linitiative.ca\/International\/wp-json\/wp\/v2\/posts"}],"about":[{"href":"https:\/\/linitiative.ca\/International\/wp-json\/wp\/v2\/types\/post"}],"author":[{"embeddable":true,"href":"https:\/\/linitiative.ca\/International\/wp-json\/wp\/v2\/users\/1744"}],"replies":[{"embeddable":true,"href":"https:\/\/linitiative.ca\/International\/wp-json\/wp\/v2\/comments?post=66608"}],"version-history":[{"count":0,"href":"https:\/\/linitiative.ca\/International\/wp-json\/wp\/v2\/posts\/66608\/revisions"}],"wp:attachment":[{"href":"https:\/\/linitiative.ca\/International\/wp-json\/wp\/v2\/media?parent=66608"}],"wp:term":[{"taxonomy":"category","embeddable":true,"href":"https:\/\/linitiative.ca\/International\/wp-json\/wp\/v2\/categories?post=66608"},{"taxonomy":"post_tag","embeddable":true,"href":"https:\/\/linitiative.ca\/International\/wp-json\/wp\/v2\/tags?post=66608"}],"curies":[{"name":"wp","href":"https:\/\/api.w.org\/{rel}","templated":true}]}}