{"id":66610,"date":"2019-11-05T11:30:00","date_gmt":"2019-11-05T16:30:00","guid":{"rendered":"https:\/\/linitiative.ca\/International\/forum-el-moudjahid-abdelhafid-milat-vice-pt-de-lanie-la-charte-dethique-na-pas-vocation-a-se-substituer-aux-lois-mais-elle-les-complete\/"},"modified":"2019-11-05T11:30:00","modified_gmt":"2019-11-05T16:30:00","slug":"forum-el-moudjahid-abdelhafid-milat-vice-pt-de-lanie-la-charte-dethique-na-pas-vocation-a-se-substituer-aux-lois-mais-elle-les-complete","status":"publish","type":"post","link":"https:\/\/linitiative.ca\/International\/forum-el-moudjahid-abdelhafid-milat-vice-pt-de-lanie-la-charte-dethique-na-pas-vocation-a-se-substituer-aux-lois-mais-elle-les-complete\/","title":{"rendered":"Forum El Moudjahid   Abdelhafid Milat, vice-Pt de l\u2019ANIE :     \u00ab  La Charte d\u2019\u00e9thique n\u2019a pas vocation \u00e0 se substituer aux lois,  mais elle les compl\u00e8te \u00bb"},"content":{"rendered":"<p>Abdelhafid Milat, vice pr\u00e9sident de l\u2019Autorit\u00e9 ind\u00e9pendante des \u00e9lections, a d\u00e9clar\u00e9 que \u00ab\u00a0La deuxi\u00e8me \u00e9tape du processus \u00e9lectoral sera r\u00e9gie par une charte d\u2019\u00e9thique des pratiques \u00e9lectorales. Cette nouveaut\u00e9 est\u00a0 instaur\u00e9e par l\u2019Autorit\u00e9 nationale ind\u00e9pendante des \u00e9lections pour \u00e9tablir des r\u00e8gles d\u2019un jeu politique \u00absain\u00bb.<\/p>\n<p>Il dira que ce document qui sera paraph\u00e9 par l\u2019autorit\u00e9 de pr\u00e9paration des \u00e9lections, les candidats et des repr\u00e9sentants de tous les medias agr\u00e9es, rappellera aux postulants \u00e0 la magistrature supr\u00eame, les r\u00e8gles fondamentales d\u2019une campagne \u00e9lectorale saine. \u00ab\u00a0 Ce sera un code susceptible de bannir les d\u00e9rives observ\u00e9es \u00e0 chaque campagne \u00e9lectorale\u00a0\u00bb selon M milat qui pr\u00e9cisera que cette\u00a0 \u00ab\u00a0 Charte n\u2019a pas vocation \u00e0 se substituer aux lois et r\u00e8glements applicables, mais elle les compl\u00e8te\u00a0\u00bb. Il rappellera\u00a0 que. L\u2019ANIE garantira trois facteurs \u00ab\u00a0 La d\u00e9mocratie, l\u2019\u00e9quit\u00e9 et la transparence dans toutes ses actions\u00a0\u00bb Elle s\u2019engage \u00e0 s\u00e9vir contre \u00abl\u2019argent sale\u00bb dira\u00a0 notre invit\u00e9<\/p>\n<p>R\u00e9daction Web<\/p>\n<p>Auteur: elmoudjahid<br \/>\n<a href=\"http:\/\/www.elmoudjahid.com\/fr\/actualites\/144068\">Cliquez ici pour lire l&rsquo;article depuis sa source.<\/a><\/p>\n","protected":false},"excerpt":{"rendered":"<p>Abdelhafid Milat, vice pr\u00e9sident de l\u2019Autorit\u00e9 ind\u00e9pendante des \u00e9lections, a d\u00e9clar\u00e9 que \u00ab\u00a0La deuxi\u00e8me \u00e9tape du processus \u00e9lectoral sera r\u00e9gie par une charte d\u2019\u00e9thique des pratiques \u00e9lectorales. Cette nouveaut\u00e9 est\u00a0 instaur\u00e9e par l\u2019Autorit\u00e9 nationale ind\u00e9pendante des \u00e9lections pour \u00e9tablir des r\u00e8gles d\u2019un jeu politique \u00absain\u00bb. Il dira que ce document qui sera paraph\u00e9 par l\u2019autorit\u00e9 [&hellip;]<\/p>\n","protected":false},"author":1744,"featured_media":0,"comment_status":"closed","ping_status":"closed","sticky":false,"template":"","format":"standard","meta":{"fifu_image_url":"","fifu_image_alt":"","footnotes":""},"categories":[73,53],"tags":[],"class_list":["post-66610","post","type-post","status-publish","format-standard","hentry","category-actualite","category-algerie"],"_links":{"self":[{"href":"https:\/\/linitiative.ca\/International\/wp-json\/wp\/v2\/posts\/66610","targetHints":{"allow":["GET"]}}],"collection":[{"href":"https:\/\/linitiative.ca\/International\/wp-json\/wp\/v2\/posts"}],"about":[{"href":"https:\/\/linitiative.ca\/International\/wp-json\/wp\/v2\/types\/post"}],"author":[{"embeddable":true,"href":"https:\/\/linitiative.ca\/International\/wp-json\/wp\/v2\/users\/1744"}],"replies":[{"embeddable":true,"href":"https:\/\/linitiative.ca\/International\/wp-json\/wp\/v2\/comments?post=66610"}],"version-history":[{"count":0,"href":"https:\/\/linitiative.ca\/International\/wp-json\/wp\/v2\/posts\/66610\/revisions"}],"wp:attachment":[{"href":"https:\/\/linitiative.ca\/International\/wp-json\/wp\/v2\/media?parent=66610"}],"wp:term":[{"taxonomy":"category","embeddable":true,"href":"https:\/\/linitiative.ca\/International\/wp-json\/wp\/v2\/categories?post=66610"},{"taxonomy":"post_tag","embeddable":true,"href":"https:\/\/linitiative.ca\/International\/wp-json\/wp\/v2\/tags?post=66610"}],"curies":[{"name":"wp","href":"https:\/\/api.w.org\/{rel}","templated":true}]}}