{"id":66626,"date":"2019-11-05T10:49:00","date_gmt":"2019-11-05T15:49:00","guid":{"rendered":"https:\/\/linitiative.ca\/International\/entv-ahmed-bensebane-limoge\/"},"modified":"2019-11-05T10:49:00","modified_gmt":"2019-11-05T15:49:00","slug":"entv-ahmed-bensebane-limoge","status":"publish","type":"post","link":"https:\/\/linitiative.ca\/International\/entv-ahmed-bensebane-limoge\/","title":{"rendered":"ENTV : Ahmed Bensebane limog\u00e9"},"content":{"rendered":"<p><br id=\"sep_para_1\" class=\"sep_para access\"\/><\/p>\n<div id=\"para_1\" class=\"para_33818316 resize\">\n<div class=\"photo shadow left\"><a href=\"javascript:void(0)\" rel=\"https:\/\/www.reflexiondz.net\/photo\/art\/grande\/39137517-33818316.jpg?v=1572983575&#038;ibox\" title=\"ENTV : Ahmed Bensebane limog\u00e9\"><img decoding=\"async\" class=\"responsive c9\" src=\"https:\/\/www.reflexiondz.net\/photo\/art\/grande\/39137517-33818316.jpg?v=1572983575\" alt=\"ENTV : Ahmed Bensebane limog\u00e9\" title=\"ENTV : Ahmed Bensebane limog\u00e9\"\/><img decoding=\"async\" class=\"not-responsive\" src=\"https:\/\/www.reflexiondz.net\/photo\/art\/default\/39137517-33818316.jpg?v=1572983576\" alt=\"ENTV : Ahmed Bensebane limog\u00e9\" title=\"ENTV : Ahmed Bensebane limog\u00e9\"\/><\/a><\/div>\n<div class=\"texte access firstletter\">Un grand changement\u00a0 a \u00e9t\u00e9 op\u00e9r\u00e9 \u00e0 la t\u00e9l\u00e9vision publique (ENTV). Ahmed Bensebane a \u00e9t\u00e9 limog\u00e9 de son poste de directeur de la production, remplac\u00e9 par Abderrahmane Khellas. Bensebane avait \u00e9t\u00e9\u00a0 directeur de la station r\u00e9gionale d\u2019Oran. Il est \u00e0 rappeler que l\u2019ex-ministre de la Culture, Mme Meriem Merdaci avait d\u00e9sign\u00e9 en juin dernier M.Ahmed Bensebane comme le nouveau commissaire du Festival du film arabe d\u2019Oran. Il avait remplac\u00e9 \u00e0 ce poste M. Brahim Seddiki, qui dirigeait ledit festival depuis 2015.\u00a0 Ahmed Bensebane \u00e9tait jusque-l\u00e0 directeur de la station r\u00e9gionale d\u2019Oran, c\u2019est donc naturel que le poste de Commissaire du FIOFA lui est attribu\u00e9.\u00a0 Originaire de Mostaganem, pr\u00e9cis\u00e9ment de \u00ab Sidi Otmane \u00bb, Ahmed Bensebane est dipl\u00f4m\u00e9 en \u00e9conomie de l\u2019Universit\u00e9 de Kharrouba \u00e0 Alger, il poss\u00e8de \u00e9galement un LMD, Sociologie de communication. Il a occup\u00e9 plusieurs postes \u00e0 la radio, dans la presse \u00e9crite o\u00f9 il a d\u00e9but\u00e9 comme journaliste \u00e0 El Djemhouria \u00e0 Oran. Il fut \u00e9galement r\u00e9dacteur en chef de l\u2019\u00e9mission t\u00e9l\u00e9 matin \u00ab Sabah El Kheir \u00bb, Chef d\u2019unit\u00e9 de production \u00e0 la\u00a0 \u00abA3\u00bb puis directeur de la station r\u00e9gionale de Ouargla, puis pr\u00e9sentateur de l\u2019\u00e9mission \u00ab Intoum Aydane\u00bb, qu\u2019il pr\u00e9sentait \u00e0 partir du prestigieux d\u00e9cor de l\u2019h\u00f4tel Royal. Notons qu\u2019il \u00e9tait surtout devenu c\u00e9l\u00e8bre en animant l\u2019\u00e9mission \u00ab Inter lyc\u00e9e \u00bb. Militant de l\u2019UNJA, d\u00e8s la premi\u00e8re heure, il s\u2019est engag\u00e9 politiquement pour le Front El Moustakbel de Belaid Abdelaziz, pour lequel il dirigea la direction de communication lors de la pr\u00e9sidentielle de 2014.\u00a0 Homme de culture et de savoir, il a toujours encourag\u00e9 les talents et les artistes, son arriv\u00e9e au FIOFA est une bonne nouvelle pour la ville d\u2019Oran et surtout pour le cin\u00e9ma arabe et alg\u00e9rien.<\/div>\n<\/div>\n<p>Auteur: R\u00e9flexion<br \/>\n<a href=\"https:\/\/www.reflexiondz.net\/ENTV-Ahmed-Bensebane-limoge_a58656.html\">Cliquez ici pour lire l&rsquo;article depuis sa source.<\/a><\/p>\n","protected":false},"excerpt":{"rendered":"<p>Un grand changement\u00a0 a \u00e9t\u00e9 op\u00e9r\u00e9 \u00e0 la t\u00e9l\u00e9vision publique (ENTV). Ahmed Bensebane a \u00e9t\u00e9 limog\u00e9 de son poste de directeur de la production, remplac\u00e9 par Abderrahmane Khellas. Bensebane avait \u00e9t\u00e9\u00a0 directeur de la station r\u00e9gionale d\u2019Oran. Il est \u00e0 rappeler que l\u2019ex-ministre de la Culture, Mme Meriem Merdaci avait d\u00e9sign\u00e9 en juin dernier M.Ahmed [&hellip;]<\/p>\n","protected":false},"author":1740,"featured_media":0,"comment_status":"closed","ping_status":"closed","sticky":false,"template":"","format":"standard","meta":{"fifu_image_url":"","fifu_image_alt":"","footnotes":""},"categories":[53,76],"tags":[],"class_list":["post-66626","post","type-post","status-publish","format-standard","hentry","category-algerie","category-regions"],"_links":{"self":[{"href":"https:\/\/linitiative.ca\/International\/wp-json\/wp\/v2\/posts\/66626","targetHints":{"allow":["GET"]}}],"collection":[{"href":"https:\/\/linitiative.ca\/International\/wp-json\/wp\/v2\/posts"}],"about":[{"href":"https:\/\/linitiative.ca\/International\/wp-json\/wp\/v2\/types\/post"}],"author":[{"embeddable":true,"href":"https:\/\/linitiative.ca\/International\/wp-json\/wp\/v2\/users\/1740"}],"replies":[{"embeddable":true,"href":"https:\/\/linitiative.ca\/International\/wp-json\/wp\/v2\/comments?post=66626"}],"version-history":[{"count":0,"href":"https:\/\/linitiative.ca\/International\/wp-json\/wp\/v2\/posts\/66626\/revisions"}],"wp:attachment":[{"href":"https:\/\/linitiative.ca\/International\/wp-json\/wp\/v2\/media?parent=66626"}],"wp:term":[{"taxonomy":"category","embeddable":true,"href":"https:\/\/linitiative.ca\/International\/wp-json\/wp\/v2\/categories?post=66626"},{"taxonomy":"post_tag","embeddable":true,"href":"https:\/\/linitiative.ca\/International\/wp-json\/wp\/v2\/tags?post=66626"}],"curies":[{"name":"wp","href":"https:\/\/api.w.org\/{rel}","templated":true}]}}