{"id":66627,"date":"2019-11-05T10:49:00","date_gmt":"2019-11-05T15:49:00","guid":{"rendered":"https:\/\/linitiative.ca\/International\/chakib-khelil-nie-son-interpellation-par-interpol\/"},"modified":"2019-11-05T10:49:00","modified_gmt":"2019-11-05T15:49:00","slug":"chakib-khelil-nie-son-interpellation-par-interpol","status":"publish","type":"post","link":"https:\/\/linitiative.ca\/International\/chakib-khelil-nie-son-interpellation-par-interpol\/","title":{"rendered":"Chakib Khelil nie son interpellation par Interpol"},"content":{"rendered":"<p><br id=\"sep_para_1\" class=\"sep_para access\"\/><\/p>\n<div id=\"para_1\" class=\"para_33818323 resize\">\n<div class=\"texte access firstletter\">L\u2019ancien ministre,\u00a0 Chakib Khelil, l\u2019homme\u00a0 li\u00e9 \u00e0 l\u2019ancien r\u00e9gime de l\u2019ex-pr\u00e9sident Bouteflika a comment\u00e9 l\u2019information qui s\u2019est propag\u00e9e telle une train\u00e9e de poudre sur la toile, \u00e0 propos de son arrestation par Interpol. Il a, \u00e0 cet effet, et via un commentaire, sur l\u2019espace bleu (Facebook), affirm\u00e9 ne pas faire l\u2019objet de mandat d\u2019arr\u00eat international \u00e9mis \u00e0 son encontre, \u00e0 la fin de la semaine derni\u00e8re. Plusieurs sources m\u00e9diatiques ont affirm\u00e9 que les deux anciens ministres n\u2019ont pas r\u00e9pondu aux convocations de la justice, deux fois de suite. Il s\u2019agit de Chakib Khelil et Abdeslam Bouchouareb qui font officiellement l\u2019objet de mandats d\u2019arr\u00eats internationaux \u00e9mis \u00e0 la fin de la semaine derni\u00e8re. \u00abEt si l\u2019op\u00e9ration a pris un certain temps, c\u2019est en raison de la \u00ablenteur des proc\u00e9dures \u00e0 mettre en \u0153uvre avant d\u2019arriver \u00e0 lancer un mandat d\u2019arr\u00eat international\u00bb, avait affirm\u00e9 Le Monde.<\/div>\n<\/div>\n<p>Auteur: R\u00e9flexion<br \/>\n<a href=\"https:\/\/www.reflexiondz.net\/Chakib-Khelil-nie-son-interpellation-par-Interpol_a58658.html\">Cliquez ici pour lire l&rsquo;article depuis sa source.<\/a><\/p>\n","protected":false},"excerpt":{"rendered":"<p>L\u2019ancien ministre,\u00a0 Chakib Khelil, l\u2019homme\u00a0 li\u00e9 \u00e0 l\u2019ancien r\u00e9gime de l\u2019ex-pr\u00e9sident Bouteflika a comment\u00e9 l\u2019information qui s\u2019est propag\u00e9e telle une train\u00e9e de poudre sur la toile, \u00e0 propos de son arrestation par Interpol. Il a, \u00e0 cet effet, et via un commentaire, sur l\u2019espace bleu (Facebook), affirm\u00e9 ne pas faire l\u2019objet de mandat d\u2019arr\u00eat international [&hellip;]<\/p>\n","protected":false},"author":1740,"featured_media":0,"comment_status":"closed","ping_status":"closed","sticky":false,"template":"","format":"standard","meta":{"fifu_image_url":"","fifu_image_alt":"","footnotes":""},"categories":[53,76],"tags":[],"class_list":["post-66627","post","type-post","status-publish","format-standard","hentry","category-algerie","category-regions"],"_links":{"self":[{"href":"https:\/\/linitiative.ca\/International\/wp-json\/wp\/v2\/posts\/66627","targetHints":{"allow":["GET"]}}],"collection":[{"href":"https:\/\/linitiative.ca\/International\/wp-json\/wp\/v2\/posts"}],"about":[{"href":"https:\/\/linitiative.ca\/International\/wp-json\/wp\/v2\/types\/post"}],"author":[{"embeddable":true,"href":"https:\/\/linitiative.ca\/International\/wp-json\/wp\/v2\/users\/1740"}],"replies":[{"embeddable":true,"href":"https:\/\/linitiative.ca\/International\/wp-json\/wp\/v2\/comments?post=66627"}],"version-history":[{"count":0,"href":"https:\/\/linitiative.ca\/International\/wp-json\/wp\/v2\/posts\/66627\/revisions"}],"wp:attachment":[{"href":"https:\/\/linitiative.ca\/International\/wp-json\/wp\/v2\/media?parent=66627"}],"wp:term":[{"taxonomy":"category","embeddable":true,"href":"https:\/\/linitiative.ca\/International\/wp-json\/wp\/v2\/categories?post=66627"},{"taxonomy":"post_tag","embeddable":true,"href":"https:\/\/linitiative.ca\/International\/wp-json\/wp\/v2\/tags?post=66627"}],"curies":[{"name":"wp","href":"https:\/\/api.w.org\/{rel}","templated":true}]}}