{"id":66628,"date":"2019-11-05T10:49:00","date_gmt":"2019-11-05T15:49:00","guid":{"rendered":"https:\/\/linitiative.ca\/International\/cour-supreme-khalida-toumi-placee-en-detention-provisoire\/"},"modified":"2019-11-05T10:49:00","modified_gmt":"2019-11-05T15:49:00","slug":"cour-supreme-khalida-toumi-placee-en-detention-provisoire","status":"publish","type":"post","link":"https:\/\/linitiative.ca\/International\/cour-supreme-khalida-toumi-placee-en-detention-provisoire\/","title":{"rendered":"COUR SUPREME : Khalida Toumi plac\u00e9e en d\u00e9tention provisoire"},"content":{"rendered":"<p><br id=\"sep_para_1\" class=\"sep_para access\"\/><\/p>\n<div id=\"para_1\" class=\"para_33818308 resize\">\n<div class=\"texte access firstletter\">Khalida Toumi, ancienne ministre de la Culture de l\u2019\u00e8re Bouteflika, a \u00e9t\u00e9 plac\u00e9e en d\u00e9tention provisoire, lundi 4 novembre, par le juge enqu\u00eateur pr\u00e8s la Cour supr\u00eame apr\u00e8s avoir comparu pour corruption. Elle se trouve en ce moment \u00e0 la prison d\u2019El Harrach. Khalida Toumi est poursuivie pour des affaires li\u00e9es \u00e0 la dilapidation de deniers publics et de corruption. Les charges retenues contre l\u2019ancienne ministre et ex-d\u00e9put\u00e9e du RCD ne sont pas encore connues, mais de nombreuses informations non-confirm\u00e9es ont circul\u00e9 sur la question. Des informations concernant la p\u00e9riode o\u00f9 elle \u00e9tait ministre de la Culture. Il est question de deux manifestations majeures organis\u00e9es par son d\u00e9partement, \u00e0 savoir \u00ab Alger, capitale arabe de la culture \u00bb et \u00ab Tlemcen, capitale de la culture islamique \u00bb. Khalida Toumi est sous une interdiction de quitter le territoire national (ISTN) depuis deux semaines environ. La semaine derni\u00e8re, des m\u00e9dias ont fait circuler l\u2019information selon laquelle elle a \u00e9t\u00e9 arr\u00eat\u00e9e par les services de s\u00e9curit\u00e9, mais elle a vite fait de d\u00e9mentir l\u2019information.\u00a0\u00a0\u00a0\u00a0\u00a0\u00a0\u00a0\u00a0\u00a0<\/div>\n<\/div>\n<p>Auteur: Nadine<br \/>\n<a href=\"https:\/\/www.reflexiondz.net\/COUR-SUPREME-Khalida-Toumi-placee-en-detention-provisoire_a58655.html\">Cliquez ici pour lire l&rsquo;article depuis sa source.<\/a><\/p>\n","protected":false},"excerpt":{"rendered":"<p>Khalida Toumi, ancienne ministre de la Culture de l\u2019\u00e8re Bouteflika, a \u00e9t\u00e9 plac\u00e9e en d\u00e9tention provisoire, lundi 4 novembre, par le juge enqu\u00eateur pr\u00e8s la Cour supr\u00eame apr\u00e8s avoir comparu pour corruption. Elle se trouve en ce moment \u00e0 la prison d\u2019El Harrach. Khalida Toumi est poursuivie pour des affaires li\u00e9es \u00e0 la dilapidation de [&hellip;]<\/p>\n","protected":false},"author":1740,"featured_media":0,"comment_status":"closed","ping_status":"closed","sticky":false,"template":"","format":"standard","meta":{"fifu_image_url":"","fifu_image_alt":"","footnotes":""},"categories":[53,76],"tags":[],"class_list":["post-66628","post","type-post","status-publish","format-standard","hentry","category-algerie","category-regions"],"_links":{"self":[{"href":"https:\/\/linitiative.ca\/International\/wp-json\/wp\/v2\/posts\/66628","targetHints":{"allow":["GET"]}}],"collection":[{"href":"https:\/\/linitiative.ca\/International\/wp-json\/wp\/v2\/posts"}],"about":[{"href":"https:\/\/linitiative.ca\/International\/wp-json\/wp\/v2\/types\/post"}],"author":[{"embeddable":true,"href":"https:\/\/linitiative.ca\/International\/wp-json\/wp\/v2\/users\/1740"}],"replies":[{"embeddable":true,"href":"https:\/\/linitiative.ca\/International\/wp-json\/wp\/v2\/comments?post=66628"}],"version-history":[{"count":0,"href":"https:\/\/linitiative.ca\/International\/wp-json\/wp\/v2\/posts\/66628\/revisions"}],"wp:attachment":[{"href":"https:\/\/linitiative.ca\/International\/wp-json\/wp\/v2\/media?parent=66628"}],"wp:term":[{"taxonomy":"category","embeddable":true,"href":"https:\/\/linitiative.ca\/International\/wp-json\/wp\/v2\/categories?post=66628"},{"taxonomy":"post_tag","embeddable":true,"href":"https:\/\/linitiative.ca\/International\/wp-json\/wp\/v2\/tags?post=66628"}],"curies":[{"name":"wp","href":"https:\/\/api.w.org\/{rel}","templated":true}]}}