{"id":66629,"date":"2019-11-05T10:49:00","date_gmt":"2019-11-05T15:49:00","guid":{"rendered":"https:\/\/linitiative.ca\/International\/said-bouteflika-affiche-une-faiblesse-psychologique\/"},"modified":"2019-11-05T10:49:00","modified_gmt":"2019-11-05T15:49:00","slug":"said-bouteflika-affiche-une-faiblesse-psychologique","status":"publish","type":"post","link":"https:\/\/linitiative.ca\/International\/said-bouteflika-affiche-une-faiblesse-psychologique\/","title":{"rendered":"Sa\u00efd Bouteflika affiche une faiblesse psychologique !"},"content":{"rendered":"<p><br id=\"sep_para_1\" class=\"sep_para access\"\/><\/p>\n<div id=\"para_1\" class=\"para_33818320 resize\">\n<div class=\"texte access firstletter\">La force mentale de Sa\u00efd Bouteflika, l\u2019ex-puissant cerveau et principal d\u00e9cideur du clan pr\u00e9sidentiel qui a r\u00e9gn\u00e9 sur le pays pendant pas moins de 20 ans, ne cesse de lui jouer des tours pour cause de n\u2019avoir pas accept\u00e9 le sort qui lui a \u00e9t\u00e9 r\u00e9serv\u00e9 par la justice militaire, selon de sources proches de l\u2019entourage de l\u2019ex-conseiller et fr\u00e8re d\u2019Abdelaziz Bouteflika, le Pr\u00e9sident d\u00e9missionnaire le 2 avril dernier.\u00a0 Condamn\u00e9 \u00e0 quinze ans de prison ferme, le 25 septembre dernier par le tribunal militaire de Blida,\u00a0 Sa\u00efd Bouteflika a \u00e9t\u00e9 jug\u00e9 pour \u00ab atteinte \u00e0 l\u2019autorit\u00e9 de l\u2019arm\u00e9e \u00bb et \u00ab complot contre l\u2019autorit\u00e9 de l\u2019\u00c9tat \u00bb.\u00a0 Et depuis ce jour-l\u00e0, Sa\u00efd Bouteflika vit tr\u00e8s mal et ne dig\u00e8re pas le sort qui lui a \u00e9t\u00e9 r\u00e9serv\u00e9 par la justice militaire. D\u2019apr\u00e8s les m\u00eames\u00a0 sources, l\u2019homme affiche de plus en plus, une faiblesse psychologique.<\/div>\n<\/div>\n<p>Auteur: R\u00e9flexion<br \/>\n<a href=\"https:\/\/www.reflexiondz.net\/Said-Bouteflika-affiche-une-faiblesse-psychologique-_a58657.html\">Cliquez ici pour lire l&rsquo;article depuis sa source.<\/a><\/p>\n","protected":false},"excerpt":{"rendered":"<p>La force mentale de Sa\u00efd Bouteflika, l\u2019ex-puissant cerveau et principal d\u00e9cideur du clan pr\u00e9sidentiel qui a r\u00e9gn\u00e9 sur le pays pendant pas moins de 20 ans, ne cesse de lui jouer des tours pour cause de n\u2019avoir pas accept\u00e9 le sort qui lui a \u00e9t\u00e9 r\u00e9serv\u00e9 par la justice militaire, selon de sources proches de [&hellip;]<\/p>\n","protected":false},"author":1740,"featured_media":0,"comment_status":"closed","ping_status":"closed","sticky":false,"template":"","format":"standard","meta":{"fifu_image_url":"","fifu_image_alt":"","footnotes":""},"categories":[53,76],"tags":[],"class_list":["post-66629","post","type-post","status-publish","format-standard","hentry","category-algerie","category-regions"],"_links":{"self":[{"href":"https:\/\/linitiative.ca\/International\/wp-json\/wp\/v2\/posts\/66629","targetHints":{"allow":["GET"]}}],"collection":[{"href":"https:\/\/linitiative.ca\/International\/wp-json\/wp\/v2\/posts"}],"about":[{"href":"https:\/\/linitiative.ca\/International\/wp-json\/wp\/v2\/types\/post"}],"author":[{"embeddable":true,"href":"https:\/\/linitiative.ca\/International\/wp-json\/wp\/v2\/users\/1740"}],"replies":[{"embeddable":true,"href":"https:\/\/linitiative.ca\/International\/wp-json\/wp\/v2\/comments?post=66629"}],"version-history":[{"count":0,"href":"https:\/\/linitiative.ca\/International\/wp-json\/wp\/v2\/posts\/66629\/revisions"}],"wp:attachment":[{"href":"https:\/\/linitiative.ca\/International\/wp-json\/wp\/v2\/media?parent=66629"}],"wp:term":[{"taxonomy":"category","embeddable":true,"href":"https:\/\/linitiative.ca\/International\/wp-json\/wp\/v2\/categories?post=66629"},{"taxonomy":"post_tag","embeddable":true,"href":"https:\/\/linitiative.ca\/International\/wp-json\/wp\/v2\/tags?post=66629"}],"curies":[{"name":"wp","href":"https:\/\/api.w.org\/{rel}","templated":true}]}}