{"id":66630,"date":"2019-11-05T14:37:00","date_gmt":"2019-11-05T19:37:00","guid":{"rendered":"https:\/\/linitiative.ca\/International\/la-politique-de-la-chaise-vide\/"},"modified":"2019-11-05T14:37:00","modified_gmt":"2019-11-05T19:37:00","slug":"la-politique-de-la-chaise-vide","status":"publish","type":"post","link":"https:\/\/linitiative.ca\/International\/la-politique-de-la-chaise-vide\/","title":{"rendered":"La politique  de la chaise vide ..!"},"content":{"rendered":"<p><br id=\"sep_para_1\" class=\"sep_para access\"\/><\/p>\n<div id=\"para_1\" class=\"para_33821139 resize\">\n<div class=\"texte access firstletter\">De l\u2019invention du z\u00e9ro par les arabes, \u00e0 la d\u00e9couverte r\u00e9cente d\u2019une possible f\u00e9condit\u00e9 du vide, en passant par les d\u00e9couvertes du cosmos, avec le fameux \u00ab vide intersid\u00e9ral \u00bb, ou \u00e0 celle de l&rsquo;atome, l&rsquo;existence du vide auquel nous sommes habitu\u00e9s , que ce soit dans la nature , dans notre quotidien , en politique ou autre, est devenue une \u00e9vidence .<br \/>Cette politique de la chaise vide, ne diff\u00e8re gu\u00e8re du virtuel d\u00e9nu\u00e9 de toute activit\u00e9. Le n\u00e9ant absolu n\u2019existe pas dans le monde et ne peut exister que dans notre divorce avec tout ce qui nous entoure, un recul de toute activit\u00e9 politique, le devoir de choisir ceux qui nous dirigent par voie de scrutin, pr\u00e9f\u00e9rant camper sur cet espace bleu, un autre vide command\u00e9 et dirig\u00e9 par des pseudos , que nous comblons, malheureusement, par des mots aussi vides pour vider notre Alg\u00e9rie de tout ce qui r\u00e9chauffe le c\u0153ur de la jeunesse de son nationalisme.<br \/>\u00a0La notion du vide, qui nous encellule, depuis l\u2019antiquit\u00e9 jusqu\u2019\u00e0 nos jours, un vide \u00e9trangement plein, qui laisse le passage libre aux incultes pour piloter notre pays et d\u00e9cider de notre sort. Ainsi, tourner le dos \u00e0 l\u2019appel du devoir, c\u2019est encourager le vide et faire \u00e9merger les nuls pour construire un Etat n\u00e9ant et nul. Cette f\u00e9condit\u00e9 du vide, que nous vivons aujourd&rsquo;hui, rejoint en partie la politique de la chaise vide, encourag\u00e9e depuis une vingtaine d\u2019ann\u00e9es par les Bouteflika et consorts pour bloquer le jeu politique , et fermer le domino , pour que nul autre ne joue \u00e0 leur table, et le r\u00e9sultat, voil\u00e0 ou nous en sommes : une Alg\u00e9rie riche , un pays au poids d\u2019un continent avec une superficie de 2.381.741 km,\u00a0 maudit par sa jeunesse , fui par ses intellectuels\u00a0 et s\u00e9par\u00e9\u00a0 de ses int\u00e8gres !\u00a0\u00a0 \u00a0<br \/>A l\u2019\u00e8re des changements, et l\u2019emprisonnement de l\u2019Issaba qui a tant dirig\u00e9 le jeu \u00e9lectoral \u00e0 l\u2019option de \u2018\u2019Issa-El hadj\u2019\u2019 l\u2019Alg\u00e9rie d\u2019aujourd\u2019hui n\u2019est pas un berceau vide o\u00f9 il n&rsquo;y a pas d&rsquo;enfants ! Bien entendu, s\u2019abstenir au vote et perdre le choix d\u2019\u00e9lire un candidat int\u00e8gre, c\u2019est laisser le vide au mauvais pour sauter sur la chaise..!<\/div>\n<\/div>\n<p>Auteur: Belkacem<br \/>\n<a href=\"https:\/\/www.reflexiondz.net\/La-politique-de-la-chaise-vide-_a58659.html\">Cliquez ici pour lire l&rsquo;article depuis sa source.<\/a><\/p>\n","protected":false},"excerpt":{"rendered":"<p>De l\u2019invention du z\u00e9ro par les arabes, \u00e0 la d\u00e9couverte r\u00e9cente d\u2019une possible f\u00e9condit\u00e9 du vide, en passant par les d\u00e9couvertes du cosmos, avec le fameux \u00ab vide intersid\u00e9ral \u00bb, ou \u00e0 celle de l&rsquo;atome, l&rsquo;existence du vide auquel nous sommes habitu\u00e9s , que ce soit dans la nature , dans notre quotidien , en [&hellip;]<\/p>\n","protected":false},"author":1740,"featured_media":0,"comment_status":"closed","ping_status":"closed","sticky":false,"template":"","format":"standard","meta":{"fifu_image_url":"","fifu_image_alt":"","footnotes":""},"categories":[53,76],"tags":[],"class_list":["post-66630","post","type-post","status-publish","format-standard","hentry","category-algerie","category-regions"],"_links":{"self":[{"href":"https:\/\/linitiative.ca\/International\/wp-json\/wp\/v2\/posts\/66630","targetHints":{"allow":["GET"]}}],"collection":[{"href":"https:\/\/linitiative.ca\/International\/wp-json\/wp\/v2\/posts"}],"about":[{"href":"https:\/\/linitiative.ca\/International\/wp-json\/wp\/v2\/types\/post"}],"author":[{"embeddable":true,"href":"https:\/\/linitiative.ca\/International\/wp-json\/wp\/v2\/users\/1740"}],"replies":[{"embeddable":true,"href":"https:\/\/linitiative.ca\/International\/wp-json\/wp\/v2\/comments?post=66630"}],"version-history":[{"count":0,"href":"https:\/\/linitiative.ca\/International\/wp-json\/wp\/v2\/posts\/66630\/revisions"}],"wp:attachment":[{"href":"https:\/\/linitiative.ca\/International\/wp-json\/wp\/v2\/media?parent=66630"}],"wp:term":[{"taxonomy":"category","embeddable":true,"href":"https:\/\/linitiative.ca\/International\/wp-json\/wp\/v2\/categories?post=66630"},{"taxonomy":"post_tag","embeddable":true,"href":"https:\/\/linitiative.ca\/International\/wp-json\/wp\/v2\/tags?post=66630"}],"curies":[{"name":"wp","href":"https:\/\/api.w.org\/{rel}","templated":true}]}}