{"id":66636,"date":"2019-11-05T02:00:00","date_gmt":"2019-11-05T07:00:00","guid":{"rendered":"https:\/\/linitiative.ca\/International\/30eme-anniversaire-heiko-maas-chef-de-la-diplomatie-allemande-ou-etiez-vous-lorsque-le-mur-de-berlin-est-tombe-album-photos\/"},"modified":"2019-11-05T02:00:00","modified_gmt":"2019-11-05T07:00:00","slug":"30eme-anniversaire-heiko-maas-chef-de-la-diplomatie-allemande-ou-etiez-vous-lorsque-le-mur-de-berlin-est-tombe-album-photos","status":"publish","type":"post","link":"https:\/\/linitiative.ca\/International\/30eme-anniversaire-heiko-maas-chef-de-la-diplomatie-allemande-ou-etiez-vous-lorsque-le-mur-de-berlin-est-tombe-album-photos\/","title":{"rendered":"30\u00e8me anniversaire &#8211; Heiko Maas, chef de la diplomatie allemande: \u00abO\u00f9 \u00e9tiez-vous lorsque le mur de Berlin est tomb\u00e9?\u00bb (Album Photos)"},"content":{"rendered":"<p>Il y aura eu trente ans ce samedi 9 novembre 2019! Au soir du 9 novembre 1989, la chute du mur de Berlin \u00e9difi\u00e9 en 1961, marquait la r\u00e9unification de l\u2019Allemagne, mais aussi la chute du communisme en Europe et de l\u2019URSS. Des changements g\u00e9opolitiques profonds ne cessent depuis lors de se produire. L\u2019Europe \u0153uvre \u00e0 se construire, sans y parvenir comme escompt\u00e9. Dans une tribune libre publi\u00e9e le 2 novembre sur le journal Le Monde, le ministre allemand des Affaires \u00e9trang\u00e8res, Heiko Maas (il avait 23 ans \u00e0 l\u2019\u00e9poque), <a href=\"https:\/\/www.leaders.com.tn\/article\/28278-les-trois-messages-de-l-allemagne-que-portera-le-ministre-des-affaires-etrangeres-heiko-maas-ce-lundi-a-kais-saied\" target=\"_blank\" rel=\"noopener noreferrer\">qui \u00e9tait r\u00e9cemment en visite \u00e0 Tunis<\/a>, invite les dirigeants des pays membres \u00e0 parachever l\u2019unification initi\u00e9e.<\/p>\n<p>Chacun d\u2019entre nous, en Europe, peut r\u00e9pondre \u00e0 cette question s\u2019il a v\u00e9cu le 9 novembre 1989. Les retrouvailles des Allemands de l\u2019Est et de l\u2019Ouest dans l\u2019\u00e9motion et la joie, il y a trente ans, n\u2019ont pas seulement marqu\u00e9 la fin de la division de l\u2019Allemagne. La chute du Mur marque aussi la chute du rideau de fer qui a d\u00e9chir\u00e9 notre continent pendant quarante ans.<\/p>\n<p>Le 9 novembre, nous, Allemands, ne c\u00e9l\u00e9brons donc pas seulement l\u2019anniversaire de la chute du Mur. Nous c\u00e9l\u00e9brons le courage de la population de toute l\u2019Europe centrale et orientale qui a fait triompher la libert\u00e9 et la d\u00e9mocratie. Nous c\u00e9l\u00e9brons l\u2019union de l\u2019Europe, qui est heureusement rassembl\u00e9e aujourd\u2019hui, \u00e0 quelques rares exceptions pr\u00e8s.<\/p>\n<p>Nous, Allemands, savons \u00e0 qui nous devons ce bonheur : nous le devons aux centaines de milliers d\u2019Allemands de l\u2019Est qui sont descendus dans la rue pour d\u00e9fendre la libert\u00e9. Nous le devons aux ouvriers du chantier naval de Gdansk, aux r\u00e9volutionnaires des pays baltes qui ont manifest\u00e9 en chantant, aux Hongrois, qui ont \u00e9t\u00e9 les premiers \u00e0 ouvrir le rideau de fer, aux ma\u00eetres \u00e0 penser de la Charte 77 \u00e0 Prague, aux manifestations \u00e0 la bougie \u00e0 Bratislava, aux insurg\u00e9s de Timisoara, \u00e0 tous ceux qui, assoiff\u00e9s de libert\u00e9, ont renvers\u00e9 les murs et arrach\u00e9 les barbel\u00e9s. Et nous le devons \u00e0 nos amis et partenaires de l\u2019OTAN \u00e0 l\u2019Ouest, \u00e0 la confiance de Fran\u00e7ois Mitterrand dans la chance historique du processus d\u2019unification europ\u00e9enne, mais aussi \u00e0 la politique de glasnost et de perestro\u00efka de Mikha\u00efl Gorbatchev, qui ont pr\u00e9par\u00e9 la voie \u00e0 la r\u00e9unification.<\/p>\n<p>L\u2019unit\u00e9 allemande, c\u2019est aussi un cadeau de l\u2019Europe \u00e0 l\u2019Allemagne, et ce, \u00e0 la fin d\u2019un si\u00e8cle o\u00f9 les Allemands ont fait subir des souffrances inimaginables \u00e0 ce continent.<br \/>Rester soud\u00e9s<\/p>\n<p>Il en d\u00e9coule pour nous une obligation : celle de parachever l\u2019unification de l\u2019Europe, de construire une Europe qui r\u00e9ponde aux valeurs et aux r\u00eaves de ceux qui sont descendus dans la rue en 1989 pour la libert\u00e9 et la d\u00e9mocratie. Nous voulons \u0153uvrer dans ce sens, et tout particuli\u00e8rement l\u2019ann\u00e9e prochaine, quand nous prendrons la pr\u00e9sidence de l\u2019Union europ\u00e9enne (UE), trente ans apr\u00e8s la r\u00e9unification de notre pays.<\/p>\n<p>Le sauvetage de l\u2019euro, les querelles interminables sur l\u2019accueil et la r\u00e9partition des r\u00e9fugi\u00e9s, tout cela a cr\u00e9\u00e9 de nouveaux foss\u00e9s en Europe. Avec le Brexit, nous assistons pour la premi\u00e8re fois \u00e0 la sortie d\u2019un pays de l\u2019UE. Et dans beaucoup de pays europ\u00e9ens, ceux qui veulent nous faire croire que moins d\u2019Europe c\u2019est mieux ont le vent en poupe.<br \/>Or une chose est s\u00fbre : pour subsister dans ce monde, les Europ\u00e9ens doivent rester soud\u00e9s. Car aucun d\u2019entre nous n\u2019est capable de relever seul les quatre grands d\u00e9fis mondiaux auxquels nous sommes confront\u00e9s, \u00e0 savoir la mondialisation, le changement climatique, la transformation num\u00e9rique et la migration. Berlin et Paris lancent, chacun de son c\u00f4t\u00e9, des appels \u00e0 Moscou, \u00e0 P\u00e9kin et malheureusement de plus en plus souvent aussi \u00e0 Washington. Mais la seule voix qui p\u00e8se d\u2019un poids d\u00e9terminant, c\u2019est celle de l\u2019Europe. Agir de fa\u00e7on isol\u00e9e ne peut plus \u00eatre une solution. L\u2019\u00e9troite concertation franco-allemande a un r\u00f4le sp\u00e9cifique \u00e0 jouer \u00e0 cet \u00e9gard.<\/p>\n<h2>Etre europ\u00e9ens<\/h2>\n<p>Ensemble, nous devons formuler et mettre en \u0153uvre une politique europ\u00e9enne \u00e0 l\u2019\u00e9gard de pays comme la Russie et la Chine. Nous avons donc besoin d\u2019une diplomatie europ\u00e9enne plus efficace, mais avant tout d\u2019une plus grande flexibilit\u00e9 de la part de tous les pays europ\u00e9ens. Ce n\u2019est pas avec 27 approches nationales que nous allons r\u00e9ussir.<br \/>Ensemble, nous devons faire plus d\u2019efforts pour d\u00e9samorcer les conflits dans notre voisinage, dans le Donbass, en Syrie et en Libye. Dans ce but, il sera n\u00e9cessaire de renforcer les instruments de l\u2019Europe pour le r\u00e8glement pacifique des conflits. Et nous avons besoin d\u2019une v\u00e9ritable union europ\u00e9enne de la d\u00e9fense, en compl\u00e9ment de l\u2019OTAN, qui soit capable d\u2019agir de mani\u00e8re autonome partout o\u00f9 cela est n\u00e9cessaire.<\/p>\n<p>Ensemble, nous devons lutter pour le maintien de l\u2019ordre international et devenir le noyau d\u2019une Alliance pour le multilat\u00e9ralisme. Car la paix d\u00e9pend du maintien de cet ordre, \u00e9galement en Europe.<br \/>Ensemble, nous devons jouer un r\u00f4le de leader dans la protection du climat. Il faudra prendre des d\u00e9cisions politiques courageuses et la soci\u00e9t\u00e9 va devoir accomplir de r\u00e9els efforts pour que notre continent soit climatiquement neutre \u00e0 la moiti\u00e9 de notre si\u00e8cle. Si nous n\u2019y parvenons pas, nous allons compromettre l\u2019avenir de nos enfants.<\/p>\n<p>Ensemble, nous devons renforcer l\u2019\u00e9conomie europ\u00e9enne pour ne pas \u00eatre broy\u00e9s par le diff\u00e9rend commercial et la concurrence technologique entre la Chine et les Etats-Unis. C\u2019est pourquoi le prochain budget de l\u2019UE doit \u00eatre un budget pour l\u2019avenir qui investit de mani\u00e8re cibl\u00e9e dans la recherche, la haute technologie et la transformation num\u00e9rique. C\u2019est le seul moyen de garantir la prosp\u00e9rit\u00e9 de l\u2019Europe.<\/p>\n<p>Ensemble, nous devons veiller \u00e0 la coh\u00e9sion interne de l\u2019UE. L\u2019Europe est forte quand elle peut offrir \u00e0 ses citoyennes et citoyens la protection sociale et l\u2019int\u00e9gration de ses normes non seulement \u00e9conomiques mais aussi sociales. Et l\u2019Europe est forte quand nous respectons et faisons respecter des valeurs telles que celle de l\u2019Etat de droit.<br \/>L\u2019automne 1989 a montr\u00e9 ce dont les Europ\u00e9ennes et Europ\u00e9ens \u00e9taient capables lorsqu\u2019ils pensent au-del\u00e0 des fronti\u00e8res nationales et passent \u00e0 l\u2019action. Il a r\u00e9v\u00e9l\u00e9 les forces qui les animent lorsqu\u2019ils se mobilisent pour la libert\u00e9 et la d\u00e9mocratie, le droit et la justice : la force de d\u00e9passer les murs et les fronti\u00e8res ; la force de faire respecter nos valeurs et int\u00e9r\u00eats dans un monde de plus en plus autoritaire.<br \/>Ce monde a besoin du courage de l\u2019Europe pour la libert\u00e9, du courage dont elle a fait preuve en 1989. Osons enfin \u00eatre europ\u00e9ens, agir europ\u00e9en, sans aucune r\u00e9serve !<\/p>\n<p>Auteur:<br \/>\n<a href=\"https:\/\/www.leaders.com.tn\/article\/28336-30eme-anniversaire-heiko-maas-chef-de-la-diplomatie-allemande-ou-etiez-vous-lorsque-le-mur-de-berlin-est-tombe\">Cliquez ici pour lire l&rsquo;article depuis sa source.<\/a><\/p>\n","protected":false},"excerpt":{"rendered":"<p>Il y aura eu trente ans ce samedi 9 novembre 2019! Au soir du 9 novembre 1989, la chute du mur de Berlin \u00e9difi\u00e9 en 1961, marquait la r\u00e9unification de l\u2019Allemagne, mais aussi la chute du communisme en Europe et de l\u2019URSS. Des changements g\u00e9opolitiques profonds ne cessent depuis lors de se produire. L\u2019Europe \u0153uvre [&hellip;]<\/p>\n","protected":false},"author":1772,"featured_media":0,"comment_status":"closed","ping_status":"closed","sticky":false,"template":"","format":"standard","meta":{"fifu_image_url":"","fifu_image_alt":"","footnotes":""},"categories":[73,55],"tags":[],"class_list":["post-66636","post","type-post","status-publish","format-standard","hentry","category-actualite","category-tunisie"],"_links":{"self":[{"href":"https:\/\/linitiative.ca\/International\/wp-json\/wp\/v2\/posts\/66636","targetHints":{"allow":["GET"]}}],"collection":[{"href":"https:\/\/linitiative.ca\/International\/wp-json\/wp\/v2\/posts"}],"about":[{"href":"https:\/\/linitiative.ca\/International\/wp-json\/wp\/v2\/types\/post"}],"author":[{"embeddable":true,"href":"https:\/\/linitiative.ca\/International\/wp-json\/wp\/v2\/users\/1772"}],"replies":[{"embeddable":true,"href":"https:\/\/linitiative.ca\/International\/wp-json\/wp\/v2\/comments?post=66636"}],"version-history":[{"count":0,"href":"https:\/\/linitiative.ca\/International\/wp-json\/wp\/v2\/posts\/66636\/revisions"}],"wp:attachment":[{"href":"https:\/\/linitiative.ca\/International\/wp-json\/wp\/v2\/media?parent=66636"}],"wp:term":[{"taxonomy":"category","embeddable":true,"href":"https:\/\/linitiative.ca\/International\/wp-json\/wp\/v2\/categories?post=66636"},{"taxonomy":"post_tag","embeddable":true,"href":"https:\/\/linitiative.ca\/International\/wp-json\/wp\/v2\/tags?post=66636"}],"curies":[{"name":"wp","href":"https:\/\/api.w.org\/{rel}","templated":true}]}}