{"id":66637,"date":"2019-11-05T09:40:00","date_gmt":"2019-11-05T14:40:00","guid":{"rendered":"https:\/\/linitiative.ca\/International\/mohamed-adel-chehida-les-codes-et-les-comportements-ont-ils-change-apres-la-revolution-appel-a-lapaisement\/"},"modified":"2019-11-05T09:40:00","modified_gmt":"2019-11-05T14:40:00","slug":"mohamed-adel-chehida-les-codes-et-les-comportements-ont-ils-change-apres-la-revolution-appel-a-lapaisement","status":"publish","type":"post","link":"https:\/\/linitiative.ca\/International\/mohamed-adel-chehida-les-codes-et-les-comportements-ont-ils-change-apres-la-revolution-appel-a-lapaisement\/","title":{"rendered":"Mohamed Adel Chehida: les codes et les comportements ont-ils chang\u00e9 apr\u00e8s la r\u00e9volution? Appel \u00e0 l\u2019apaisement"},"content":{"rendered":"<p>Premier jour de stage d\u2019externat en septembre 1989 \u00e0 h\u00f4pital Charles Nicolle, service de chirurgie B. On savait que le stage \u00e9tait du, mais on se battait pour y \u00eatre. Salle de staff lumineuse grande table rectangulaire, photo du regrett\u00e9 Professeur Zouheir Essafi accroch\u00e9e au mur, salle archicomble beaucoup d\u2019agitation des internes et des r\u00e9sidents avec des dossiers cliniques et de radiographie des patients op\u00e9r\u00e9s en urgence la veille. Ils se pr\u00e9paraient \u00e0 la pr\u00e9sentation. Les assistants arrivaient un \u00e0 un. Huit heures pile entre le Prof Mzabi, le silence absolu r\u00e8gne. Le staff commence par la pr\u00e9sentation cas par cas. Attentif, le professeur Mzabi contr\u00f4lait tout m\u00eame l\u2019orthographe, interrogeant de de temps en temps ses r\u00e9sidents et internes en posant des questions entrecoup\u00e9es d\u2019explications avec une extr\u00eame gentillesse pour nous jeunes externes \u00e9blouis. Le m\u00eame rituel se d\u00e9roulait tous les jours \u00e0 la m\u00eame heure dans les autres services \u00e0 la Rabta en cardiologie chez le Prof Ben Ismail ou \u00e0 la Marsa chez le Prof Larabi. Ces maitres nous consid\u00e9raient comme leurs enfants. Ce sont eux qui nous ont appris notre m\u00e9tier et nous ont conseill\u00e9 dans nos carri\u00e8res.\u00a0<\/p>\n<p>Aujourd\u2019hui j\u2019observe de l\u2019\u00e9tranger ce qui se passe en Tunisie avec beaucoup de tristesse. Un \u00e9tudiant en quatri\u00e8me ann\u00e9e de m\u00e9decine a \u00e9t\u00e9 renvoy\u00e9 par le conseil de discipline \u00e0 cause d\u2019un post sur Facebook o\u00f9 il critiquait l\u2019administration de la facult\u00e9 pour la fermeture de la biblioth\u00e8que et l\u2019absence de climatisation, en les qualifiant \u00abd\u2019ignorants- bhama\u00bb. Le conseil lui aurait inflig\u00e9 pour cela un renvoi de quatre mois. Juste ou injuste ce n\u2019est pas \u00e0 moi de juger car je ne poss\u00e8de pas toutes les informations. La premi\u00e8re question qui me vient \u00e0 l\u2019esprit est qu\u2019auraient fait nos maitres face une telle situation ? Je crois deviner la r\u00e9ponse.<\/p>\n<p>Revenons maintenant \u00e0 la r\u00e9action des \u00e9tudiants en g\u00e9n\u00e9ral sur plusieurs sujets. Depuis la r\u00e9volution la parole s\u2019est lib\u00e9r\u00e9e. En bonne logique, les \u00e9tudiants ont soutenu leur camarade contre ce qu\u2019ils estimaient \u00eatre une injustice. Ils exigent de bonnes conditions pour bien \u00e9tudier, c\u2019est tout \u00e0 fait l\u00e9gitime. Ceci dit, il y a beaucoup d&rsquo;amalgames dans cette affaire. La libert\u00e9 de parole n\u2019est pas synonyme d\u2019indiscipline mais de responsabilit\u00e9. Avant de mourir, le c\u00e9l\u00e8bre \u00e9crivain italien Andrea Camilleri a dit: \u00abrappelez-vous que les paroles sortent comme de balles d\u2019un fusil pour\u00a0 blesser\u00bb. Ce ne sont pas des balles mais des boulets de canons que nous voyons depuis la r\u00e9volution. Le ph\u00e9nom\u00e8ne de foule et les libertes acquises n\u2019autorisent pas le d\u00e9nigrement ni l\u2019insulte d\u2019o\u00f9 qu\u2019elles viennent.<\/p>\n<p>Ind\u00e9pendamment de la d\u00e9cision du conseil scientifique de la facult\u00e9 de m\u00e9decine qui semble exag\u00e9r\u00e9e dans cette affaire, en dehors des mots inacceptables envers ses ain\u00e9s, je trouve qu\u2019il est grand temps de s\u2019arr\u00eater et de faire le point sur nos m\u00e9thodes de r\u00e9solution des probl\u00e8mes. Un responsable n\u2019est pas forc\u00e9ment un voleur ni un corrompu. Il ne doit pas \u00eatre pris pour cible par la foule \u00e0 chaque diff\u00e9rend. Il peut se tromper mais s\u2019en prendre \u00e0 lui personnellement n\u2019est pas constructif. Un \u00e9tudiant en m\u00e9decine est un m\u00e9decin en devenir, le sanctionner de fa\u00e7on extr\u00eame laissera des traces ind\u00e9l\u00e9biles. Il faut trouver le juste milieu. Je crois savoir qu\u2019un comit\u00e9 d\u2019\u00e9thique a \u00e9t\u00e9 mis en place dans notre facult\u00e9, il pourrait jouer un r\u00f4le plus important dans ce genre de situations qui peuvent se reproduire sous d\u2019autres formes.<\/p>\n<p>J\u2019appelle l\u2019\u00e9tudiant \u00e0 faire preuve d\u2019humilit\u00e9 et de pr\u00e9senter ses excuses pour les paroles inacceptables qu\u2019il a pu utiliser en m\u00eame temps les ain\u00e9s devraient faire preuve d\u2019indulgence.<br \/>La facult\u00e9 de m\u00e9decine de Tunis est un fleuron de notre syst\u00e8me de formation, elle re\u00e7oit les meilleurs bacheliers de la r\u00e9publique, sachons \u00eatre dignes par respect de la m\u00e9moire de nos ain\u00e9s et pour que notre institution soit toujours cit\u00e9e en exemple.<\/p>\n<p class=\"c2\"><strong>Mohamed Adel Chehida<\/strong><\/p>\n<p>Auteur:<br \/>\n<a href=\"https:\/\/www.leaders.com.tn\/article\/28345-mohamed-adel-chehida-les-codes-et-les-comportements-ont-ils-change-apres-la-revolution-appel-a-l-apaisement\">Cliquez ici pour lire l&rsquo;article depuis sa source.<\/a><\/p>\n","protected":false},"excerpt":{"rendered":"<p>Premier jour de stage d\u2019externat en septembre 1989 \u00e0 h\u00f4pital Charles Nicolle, service de chirurgie B. On savait que le stage \u00e9tait du, mais on se battait pour y \u00eatre. Salle de staff lumineuse grande table rectangulaire, photo du regrett\u00e9 Professeur Zouheir Essafi accroch\u00e9e au mur, salle archicomble beaucoup d\u2019agitation des internes et des r\u00e9sidents [&hellip;]<\/p>\n","protected":false},"author":1772,"featured_media":0,"comment_status":"closed","ping_status":"closed","sticky":false,"template":"","format":"standard","meta":{"fifu_image_url":"","fifu_image_alt":"","footnotes":""},"categories":[73,55],"tags":[],"class_list":["post-66637","post","type-post","status-publish","format-standard","hentry","category-actualite","category-tunisie"],"_links":{"self":[{"href":"https:\/\/linitiative.ca\/International\/wp-json\/wp\/v2\/posts\/66637","targetHints":{"allow":["GET"]}}],"collection":[{"href":"https:\/\/linitiative.ca\/International\/wp-json\/wp\/v2\/posts"}],"about":[{"href":"https:\/\/linitiative.ca\/International\/wp-json\/wp\/v2\/types\/post"}],"author":[{"embeddable":true,"href":"https:\/\/linitiative.ca\/International\/wp-json\/wp\/v2\/users\/1772"}],"replies":[{"embeddable":true,"href":"https:\/\/linitiative.ca\/International\/wp-json\/wp\/v2\/comments?post=66637"}],"version-history":[{"count":0,"href":"https:\/\/linitiative.ca\/International\/wp-json\/wp\/v2\/posts\/66637\/revisions"}],"wp:attachment":[{"href":"https:\/\/linitiative.ca\/International\/wp-json\/wp\/v2\/media?parent=66637"}],"wp:term":[{"taxonomy":"category","embeddable":true,"href":"https:\/\/linitiative.ca\/International\/wp-json\/wp\/v2\/categories?post=66637"},{"taxonomy":"post_tag","embeddable":true,"href":"https:\/\/linitiative.ca\/International\/wp-json\/wp\/v2\/tags?post=66637"}],"curies":[{"name":"wp","href":"https:\/\/api.w.org\/{rel}","templated":true}]}}