{"id":66642,"date":"2019-11-05T15:53:13","date_gmt":"2019-11-05T20:53:13","guid":{"rendered":"https:\/\/linitiative.ca\/International\/reduction-des-disparites-territoriales-2245-milliards-de-dh-mobilises-en-trois-ans\/"},"modified":"2019-11-05T15:53:13","modified_gmt":"2019-11-05T20:53:13","slug":"reduction-des-disparites-territoriales-2245-milliards-de-dh-mobilises-en-trois-ans","status":"publish","type":"post","link":"https:\/\/linitiative.ca\/International\/reduction-des-disparites-territoriales-2245-milliards-de-dh-mobilises-en-trois-ans\/","title":{"rendered":"R\u00e9duction des disparit\u00e9s territoriales : 22,45 milliards de DH mobilis\u00e9s en trois ans"},"content":{"rendered":"<p><strong>Une enveloppe de 22,45 de milliards de DH a \u00e9t\u00e9 mobilis\u00e9e dans le cadre du programme de r\u00e9duction des disparit\u00e9s territoriales et sociales en milieu rural au titre des plans d\u2019action 2017, 2018 et 2019, dont 6,80 milliards cette ann\u00e9e, a indiqu\u00e9 mardi le ministre de l\u2019Int\u00e9rieur Abdelouafi Laftit.<\/strong><\/p>\n<div class=\"c10\"\/>\n<p>Lanc\u00e9 en 2017 pour un investissement de 49,94 milliards de DH, ce programme vise \u00e0 d\u00e9senclaver les <strong>zones rurales<\/strong> et de montagne, \u00e0 g\u00e9n\u00e9raliser l\u2019acc\u00e8s aux services de base dans 29.000 douars situ\u00e9s dans 1272 collectivit\u00e9s, et en valoriser le potentiel \u00e9conomique, a pr\u00e9cis\u00e9 Laftit qui pr\u00e9sentait le budget du minist\u00e8re devant la Commission de l\u2019int\u00e9rieur, des collectivit\u00e9s territoriales, de l\u2019habitat et de la politique de la ville \u00e0 la Chambre des repr\u00e9sentants.<\/p>\n<p>Selon le ministre, l\u2019accent est mis sur l\u2019accompagnement des collectivit\u00e9s concern\u00e9es dans la mise en \u0153uvre des programmes de d\u00e9veloppement par le biais de programmes de <strong>mise \u00e0 niveau<\/strong> des villes et centres urbains r\u00e9alis\u00e9s dans le cadre de plans d\u2019action sur plusieurs ann\u00e9es.<\/p>\n<p>Lire aussi : <a href=\"https:\/\/www.challenge.ma\/cri-lancement-imminent-de-la-nouvelle-generation-122292\/\">Vid\u00e9o. CRI : lancement imminent de la nouvelle g\u00e9n\u00e9ration<\/a><\/p>\n<p>Le minist\u00e8re, a-t-il rappel\u00e9, a examin\u00e9 et approuv\u00e9 11 conventions de partenariat d\u2019un montant de 1,056 milliards de DH, dont une contribution de ce d\u00e9partement \u00e0 hauteur de 260 millions de DH au profit d\u2019un certain nombre de collectivit\u00e9s territoriales.<\/p>\n<p>S\u2019agissant des programmes de <strong>d\u00e9veloppement int\u00e9gr\u00e9<\/strong> des trois r\u00e9gions du sud du Royaume (2016-2021), le minist\u00e8re de l\u2019Int\u00e9rieur a allou\u00e9 pr\u00e8s de 1570 millions de DH dans le cadre de ses engagements contractuels en vertu des contrats-programmes au titre de 2019. Depuis le d\u00e9but de ce programme, a-t-il relev\u00e9, 70 projets ont \u00e9t\u00e9 r\u00e9alis\u00e9s alors que 291 autres sont en cours de mise en \u0153uvre. Le nombre de projets en phase de lancement sont au nombre de 345, a-t-il pr\u00e9cis\u00e9.<\/p>\n<div class=\"c17\">\n<fieldset class=\"c16\">\n<legend><strong><span class=\"c11\">Challenge<\/span><span class=\"c12\">news<\/span><\/strong><\/legend>\n<div class=\"c15\">Le meilleur de la r\u00e9daction s\u00e9lectionn\u00e9 par Challenge :<\/p>\n<\/div>\n<\/fieldset>\n<\/div>\n<p>Auteur: challenge<br \/>\n<a href=\"https:\/\/www.challenge.ma\/reduction-des-disparites-territoriales-2245-milliards-de-dh-mobilises-en-trois-ans-122429\/\">Cliquez ici pour lire l&rsquo;article depuis sa source.<\/a><\/p>\n","protected":false},"excerpt":{"rendered":"<p>Une enveloppe de 22,45 de milliards de DH a \u00e9t\u00e9 mobilis\u00e9e dans le cadre du programme de r\u00e9duction des disparit\u00e9s territoriales et sociales en milieu rural au titre des plans d\u2019action 2017, 2018 et 2019, dont 6,80 milliards cette ann\u00e9e, a indiqu\u00e9 mardi le ministre de l\u2019Int\u00e9rieur Abdelouafi Laftit. Lanc\u00e9 en 2017 pour un investissement [&hellip;]<\/p>\n","protected":false},"author":1787,"featured_media":0,"comment_status":"closed","ping_status":"closed","sticky":false,"template":"","format":"standard","meta":{"fifu_image_url":"","fifu_image_alt":"","footnotes":""},"categories":[78,54],"tags":[],"class_list":["post-66642","post","type-post","status-publish","format-standard","hentry","category-economie","category-maroc"],"_links":{"self":[{"href":"https:\/\/linitiative.ca\/International\/wp-json\/wp\/v2\/posts\/66642","targetHints":{"allow":["GET"]}}],"collection":[{"href":"https:\/\/linitiative.ca\/International\/wp-json\/wp\/v2\/posts"}],"about":[{"href":"https:\/\/linitiative.ca\/International\/wp-json\/wp\/v2\/types\/post"}],"author":[{"embeddable":true,"href":"https:\/\/linitiative.ca\/International\/wp-json\/wp\/v2\/users\/1787"}],"replies":[{"embeddable":true,"href":"https:\/\/linitiative.ca\/International\/wp-json\/wp\/v2\/comments?post=66642"}],"version-history":[{"count":0,"href":"https:\/\/linitiative.ca\/International\/wp-json\/wp\/v2\/posts\/66642\/revisions"}],"wp:attachment":[{"href":"https:\/\/linitiative.ca\/International\/wp-json\/wp\/v2\/media?parent=66642"}],"wp:term":[{"taxonomy":"category","embeddable":true,"href":"https:\/\/linitiative.ca\/International\/wp-json\/wp\/v2\/categories?post=66642"},{"taxonomy":"post_tag","embeddable":true,"href":"https:\/\/linitiative.ca\/International\/wp-json\/wp\/v2\/tags?post=66642"}],"curies":[{"name":"wp","href":"https:\/\/api.w.org\/{rel}","templated":true}]}}