{"id":66643,"date":"2019-11-05T16:34:17","date_gmt":"2019-11-05T21:34:17","guid":{"rendered":"https:\/\/linitiative.ca\/International\/chami-il-faut-augmenter-limpot-sur-les-richesses-non-productives\/"},"modified":"2019-11-05T16:34:17","modified_gmt":"2019-11-05T21:34:17","slug":"chami-il-faut-augmenter-limpot-sur-les-richesses-non-productives","status":"publish","type":"post","link":"https:\/\/linitiative.ca\/International\/chami-il-faut-augmenter-limpot-sur-les-richesses-non-productives\/","title":{"rendered":"Chami : \u00ab\u00a0Il faut augmenter l\u2019imp\u00f4t sur les richesses non productives\u00a0\u00bb"},"content":{"rendered":"<p><strong>Il a invit\u00e9 le Parlement \u00e0 se pencher sur les questions li\u00e9es \u00e0 la taxe sur la fortune et oeuvrer pour le soutien des couches sociales d\u00e9favoris\u00e9es.<\/strong><\/p>\n<div class=\"c10\"\/>\n<p>Le pr\u00e9sident du Conseil \u00e9conomique, social et environnemental (<strong>CESE<\/strong>), Ahmed R\u00e9da Chami, a appel\u00e9 \u00e0 une augmentation de la taxe sur les riches, lors de la pr\u00e9sentation du projet de budget du CESE pour 2020 devant le Comit\u00e9 des finances, ce soir, rapporte Goud.ma.<\/p>\n<p>Lire aussi : <a href=\"https:\/\/www.challenge.ma\/le-cese-appelle-partis-et-syndicats-a-se-reinventer-121737\/\">Le CESE appelle partis et syndicats \u00e0 se r\u00e9inventer<\/a><\/p>\n<p>Il a \u00e9galement appel\u00e9 \u00e0 une <strong>taxe<\/strong> sur les richesses non productives (terres, propri\u00e9t\u00e9s inutilis\u00e9es, non productives). \u00ab\u00a0Cela facilite l\u2019activit\u00e9 \u00e9conomique\u00a0\u00bb, a-t-il expliqu\u00e9.<\/p>\n<p>\u00ab\u00a0Je pense que des mesures devraient \u00eatre prises pour aider les couches sociales marginalis\u00e9es en soutenant le <strong>pouvoir d\u2019achat<\/strong> de la classe moyenne afin d\u2019all\u00e9ger leur fardeau\u00a0\u00bb, a-t-il sugg\u00e9r\u00e9.<\/p>\n<div class=\"c17\">\n<fieldset class=\"c16\">\n<legend><strong><span class=\"c11\">Challenge<\/span><span class=\"c12\">news<\/span><\/strong><\/legend>\n<div class=\"c15\">Le meilleur de la r\u00e9daction s\u00e9lectionn\u00e9 par Challenge :<\/p>\n<\/div>\n<\/fieldset>\n<\/div>\n<p>Auteur: Hassan Manyani<br \/>\n<a href=\"https:\/\/www.challenge.ma\/chami-il-faut-augmenter-limpot-sur-les-richesses-non-productives-122431\/\">Cliquez ici pour lire l&rsquo;article depuis sa source.<\/a><\/p>\n","protected":false},"excerpt":{"rendered":"<p>Il a invit\u00e9 le Parlement \u00e0 se pencher sur les questions li\u00e9es \u00e0 la taxe sur la fortune et oeuvrer pour le soutien des couches sociales d\u00e9favoris\u00e9es. Le pr\u00e9sident du Conseil \u00e9conomique, social et environnemental (CESE), Ahmed R\u00e9da Chami, a appel\u00e9 \u00e0 une augmentation de la taxe sur les riches, lors de la pr\u00e9sentation du [&hellip;]<\/p>\n","protected":false},"author":1787,"featured_media":0,"comment_status":"closed","ping_status":"closed","sticky":false,"template":"","format":"standard","meta":{"fifu_image_url":"","fifu_image_alt":"","footnotes":""},"categories":[78,54],"tags":[],"class_list":["post-66643","post","type-post","status-publish","format-standard","hentry","category-economie","category-maroc"],"_links":{"self":[{"href":"https:\/\/linitiative.ca\/International\/wp-json\/wp\/v2\/posts\/66643","targetHints":{"allow":["GET"]}}],"collection":[{"href":"https:\/\/linitiative.ca\/International\/wp-json\/wp\/v2\/posts"}],"about":[{"href":"https:\/\/linitiative.ca\/International\/wp-json\/wp\/v2\/types\/post"}],"author":[{"embeddable":true,"href":"https:\/\/linitiative.ca\/International\/wp-json\/wp\/v2\/users\/1787"}],"replies":[{"embeddable":true,"href":"https:\/\/linitiative.ca\/International\/wp-json\/wp\/v2\/comments?post=66643"}],"version-history":[{"count":0,"href":"https:\/\/linitiative.ca\/International\/wp-json\/wp\/v2\/posts\/66643\/revisions"}],"wp:attachment":[{"href":"https:\/\/linitiative.ca\/International\/wp-json\/wp\/v2\/media?parent=66643"}],"wp:term":[{"taxonomy":"category","embeddable":true,"href":"https:\/\/linitiative.ca\/International\/wp-json\/wp\/v2\/categories?post=66643"},{"taxonomy":"post_tag","embeddable":true,"href":"https:\/\/linitiative.ca\/International\/wp-json\/wp\/v2\/tags?post=66643"}],"curies":[{"name":"wp","href":"https:\/\/api.w.org\/{rel}","templated":true}]}}