{"id":66645,"date":"2019-11-04T18:03:00","date_gmt":"2019-11-04T23:03:00","guid":{"rendered":"https:\/\/linitiative.ca\/International\/fonds-environnement-mondial-la-phase-7-du-programme-de-micro-financement-en-elaboration\/"},"modified":"2019-11-04T18:03:00","modified_gmt":"2019-11-04T23:03:00","slug":"fonds-environnement-mondial-la-phase-7-du-programme-de-micro-financement-en-elaboration","status":"publish","type":"post","link":"https:\/\/linitiative.ca\/International\/fonds-environnement-mondial-la-phase-7-du-programme-de-micro-financement-en-elaboration\/","title":{"rendered":"Fonds environnement mondial : La phase 7 du programme  de micro financement en \u00e9laboration"},"content":{"rendered":"<div class=\"td-post-featured-image\" readability=\"35\"><a href=\"https:\/\/i1.wp.com\/www.sidwaya.info\/wp-content\/uploads\/2019\/11\/reti.gif?fit=787%2C581&#038;ssl=1\" data-caption=\"\u00abCe document apr\u00e8s sa validation sera transmis au si\u00e8ge du PMF\/FEM qui le validera en dernier ressort\u00bb, a pr\u00e9cis\u00e9 le coordonnateur national du PMF\/FEM, No\u00ebl Compaor\u00e9.\"><img loading=\"lazy\" decoding=\"async\" width=\"696\" height=\"514\" class=\"entry-thumb td-modal-image\" src=\"https:\/\/i1.wp.com\/www.sidwaya.info\/wp-content\/uploads\/2019\/11\/reti.gif?resize=696%2C514&#038;ssl=1\" alt=\"\" title=\"reti\"\/><\/a>\u00abCe document apr\u00e8s sa validation sera transmis au si\u00e8ge du PMF\/FEM qui le validera en dernier ressort\u00bb, a pr\u00e9cis\u00e9 le coordonnateur national du PMF\/FEM, No\u00ebl Compaor\u00e9.<\/div>\n<div class=\"td-a-rec td-a-rec-id-content_top td_uid_30_5dc1fb4055655_rand td_block_template_1\"><img loading=\"lazy\" decoding=\"async\" class=\"aligncenter size-full wp-image-15640\" src=\"https:\/\/www.sidwaya.info\/wp-content\/uploads\/2019\/10\/pf-pub-1.jpeg\" alt=\"\" width=\"1080\" height=\"360\"\/><\/div>\n<p><strong>Afrique Educative Relative \u00e0 l\u2019Environnement (AFRIQUE\u2019ERE), a organis\u00e9, le jeudi 24 octobre 2019 \u00e0 Tenkodogo, un atelier sur l\u2019\u00e9laboration de la strat\u00e9gie nationale de la phase 7 du Programme de micro financement du Fonds environnement mondial (PMF\/FEM).<\/strong><\/p>\n<p>De nombreux probl\u00e8mes environnementaux dus, entre autres, \u00e0 la d\u00e9sertification, aux effets n\u00e9fastes du changement climatique et aux actions anthropiques assaillent le Burkina Faso et entravent son d\u00e9veloppement socio-\u00e9conomique. Ces probl\u00e8mes ont engendr\u00e9 des cons\u00e9quences visibles, \u00e0 savoir la d\u00e9gradation croissante des terres, des superficies bois\u00e9es, la disparition de certaines esp\u00e8ces v\u00e9g\u00e9tales et animales et v\u00e9g\u00e9tales, l\u2019irr\u00e9gularit\u00e9 et l\u2019insuffisance de la pluviom\u00e9trie, le tarissement pr\u00e9coce des eaux de surface et la r\u00e9duction du niveau d\u2019eau des nappes phr\u00e9atiques, la paup\u00e9risation croissante des populations\u2026<\/p>\n<p>Pour y faire face, le Burkina Faso a pris des dispositions institutionnelles, l\u00e9gislatives et r\u00e8glementaires dont\u00a0 l\u2019adoption de la Politique nationale de d\u00e9veloppement durable (PNDD) et de sa loi d\u2019orientation, l\u2019adoption du plan d\u2019action sur les modes de consommation et de production durables\u00a0et enfin, la red\u00e9finition des missions du minist\u00e8re en charge de l\u2019environnement, etc. Outre ces mesures et dispositions institutionnelles et l\u00e9gislatives, le gouvernement et ses partenaires techniques et financiers dont le Programme de micro financement (PMF), d\u00e9ploient d\u2019\u00e9normes efforts pour trouver avec les communaut\u00e9s locales des solutions aux probl\u00e8mes environnementaux.<\/p>\n<p>Cr\u00e9\u00e9 pour s\u2019occuper des questions environnementales, le Fonds environnement mondial (FEM) fonctionne par phase de projets pour une dur\u00e9e de 4 ans. Il est \u00e0 sa 7e phase. Le jeudi 24 octobre 2019, Afrique Educative Relative \u00e0 l\u2019Environnement (AFRIQUE\u2019ERE), a organis\u00e9 un atelier sur l\u2019\u00e9laboration de la strat\u00e9gie nationale de la phase 7 \u00e0 Tenkodogo. L\u2019objectif global de l\u2019atelier est de disposer d\u2019un document de strat\u00e9gie nationale conforme aux orientations du FEM et en ad\u00e9quation avec les priorit\u00e9s environnementales nationales pour une mise en \u0153uvre r\u00e9ussie de sa phase op\u00e9rationnelle 7.<\/p>\n<p>\u00abCet atelier sur l\u2019\u00e9laboration de la strat\u00e9gie nationale de la phase 7 du PMF\/FEM est organis\u00e9 au profit de la soci\u00e9t\u00e9 civile, les services techniques de l\u2019Etat et les \u00e9lus communaux pour mener la r\u00e9flexion qui doit conduire \u00e0 des r\u00e9sultats. Ils seront pr\u00e9sent\u00e9s \u00e0 un atelier national de parties prenantes du Burkina Faso pour valider un document de strat\u00e9gie nationale d\u00e9j\u00e0 \u00e9labor\u00e9. Ce document, apr\u00e8s sa validation, sera transmis au si\u00e8ge du PMF\/FEM pour la validation\u00bb, a pr\u00e9cis\u00e9 le coordonnateur national du PMF\/FEM, No\u00ebl Compaor\u00e9.<\/p>\n<p><strong>Plusieurs \u00e9tapes \u00e0 franchir<\/strong><\/p>\n<p>Afin d\u2019atteindre les objectifs fix\u00e9s, Afrique\u2019ERE, sous la supervision de la coordination nationale du PMF\/FEM, a identifi\u00e9 les principales \u00e9tapes du processus d\u2019\u00e9laboration de la strat\u00e9gie nationale de la phase op\u00e9rationnelle 7. Il s\u2019agit de mener des consultations avec les diff\u00e9rentes parties prenantes tant au niveau central que local, obtenir un large consensus sur l\u2019approche de la phase op\u00e9rationnelle 7 du programme, choisir les axes strat\u00e9giques en tenant compte de la niche, des d\u00e9fis, des possibilit\u00e9s de synergie entre le programme FEM\/PMF et les autres intervenants, d\u00e9terminer le pourcentage de l\u2019enveloppe \u00e0 allouer aux projets en dehors des paysages prioritaires ainsi que les crit\u00e8res d\u2019octroi de ces subventions.<\/p>\n<p>Le directeur r\u00e9gional de l\u2019Environnement, de l\u2019Economie verte et du Changement climatique (DREEVCC) du Centre-Est, Ousmane Demb\u00e9l\u00e9 a aussi soutenu que le FEM accompagne les communaut\u00e9s \u00e0 la base pour les amener \u00e0 s\u2019adapter aux effets n\u00e9fastes du changement climatique, notamment la conservation, la pr\u00e9servation de l\u2019environnement et une meilleure production pour un bien-\u00eatre. \u00abLe FEM vient nous accompagner \u00e0 accompagner les acteurs de terrain \u00e0 pr\u00e9server au mieux cet environnement, car, les demandes d\u2019intervention en termes d\u2019environnement sont nombreuses et les potentialit\u00e9s existent aussi dans notre r\u00e9gion\u00bb, a ajout\u00e9 Ousmane Demb\u00e9l\u00e9.<\/p>\n<p class=\"c1\"><strong>Bougnan NAON<\/strong><br \/>naon_2012@yahoo.fr<\/p>\n<div class=\"td-a-rec td-a-rec-id-content_bottom td_uid_31_5dc1fb4055877_rand td_block_template_1\"><img loading=\"lazy\" decoding=\"async\" class=\"aligncenter size-full wp-image-9623\" src=\"https:\/\/www.sidwaya.info\/wp-content\/uploads\/2019\/06\/Projet-bannie%CC%80re-Orange-mobile.jpg\" alt=\"\" width=\"728\" height=\"81\"\/><\/div>\n<p>Auteur: JK. Sidwaya<br \/>\n<a href=\"https:\/\/www.sidwaya.info\/blog\/2019\/11\/04\/fonds-environnement-mondial-la-phase-7-du-programme-de-micro-financement-en-elaboration\/\">Cliquez ici pour lire l&rsquo;article depuis sa source.<\/a><\/p>\n","protected":false},"excerpt":{"rendered":"<p>\u00abCe document apr\u00e8s sa validation sera transmis au si\u00e8ge du PMF\/FEM qui le validera en dernier ressort\u00bb, a pr\u00e9cis\u00e9 le coordonnateur national du PMF\/FEM, No\u00ebl Compaor\u00e9. Afrique Educative Relative \u00e0 l\u2019Environnement (AFRIQUE\u2019ERE), a organis\u00e9, le jeudi 24 octobre 2019 \u00e0 Tenkodogo, un atelier sur l\u2019\u00e9laboration de la strat\u00e9gie nationale de la phase 7 du Programme [&hellip;]<\/p>\n","protected":false},"author":1816,"featured_media":0,"comment_status":"closed","ping_status":"closed","sticky":false,"template":"","format":"standard","meta":{"fifu_image_url":"","fifu_image_alt":"","footnotes":""},"categories":[73,81],"tags":[],"class_list":["post-66645","post","type-post","status-publish","format-standard","hentry","category-actualite","category-burkina-faso"],"_links":{"self":[{"href":"https:\/\/linitiative.ca\/International\/wp-json\/wp\/v2\/posts\/66645","targetHints":{"allow":["GET"]}}],"collection":[{"href":"https:\/\/linitiative.ca\/International\/wp-json\/wp\/v2\/posts"}],"about":[{"href":"https:\/\/linitiative.ca\/International\/wp-json\/wp\/v2\/types\/post"}],"author":[{"embeddable":true,"href":"https:\/\/linitiative.ca\/International\/wp-json\/wp\/v2\/users\/1816"}],"replies":[{"embeddable":true,"href":"https:\/\/linitiative.ca\/International\/wp-json\/wp\/v2\/comments?post=66645"}],"version-history":[{"count":0,"href":"https:\/\/linitiative.ca\/International\/wp-json\/wp\/v2\/posts\/66645\/revisions"}],"wp:attachment":[{"href":"https:\/\/linitiative.ca\/International\/wp-json\/wp\/v2\/media?parent=66645"}],"wp:term":[{"taxonomy":"category","embeddable":true,"href":"https:\/\/linitiative.ca\/International\/wp-json\/wp\/v2\/categories?post=66645"},{"taxonomy":"post_tag","embeddable":true,"href":"https:\/\/linitiative.ca\/International\/wp-json\/wp\/v2\/tags?post=66645"}],"curies":[{"name":"wp","href":"https:\/\/api.w.org\/{rel}","templated":true}]}}