{"id":66646,"date":"2019-11-04T18:11:43","date_gmt":"2019-11-04T23:11:43","guid":{"rendered":"https:\/\/linitiative.ca\/International\/crise-dans-le-secteur-de-la-sante-la-difficile-mediation-de-lupc\/"},"modified":"2019-11-04T18:11:43","modified_gmt":"2019-11-04T23:11:43","slug":"crise-dans-le-secteur-de-la-sante-la-difficile-mediation-de-lupc","status":"publish","type":"post","link":"https:\/\/linitiative.ca\/International\/crise-dans-le-secteur-de-la-sante-la-difficile-mediation-de-lupc\/","title":{"rendered":"Crise dans le secteur de la sant\u00e9 : La difficile m\u00e9diation de l\u2019UPC"},"content":{"rendered":"<div>\n<p><strong>Le secr\u00e9tariat national charg\u00e9 des questions de sant\u00e9 de l\u2019Union pour le progr\u00e8s et le changement (UPC), a anim\u00e9, le samedi 2 novembre 2019 \u00e0 Ouagadougou, une conf\u00e9rence de presse sur la m\u00e9diation qu\u2019il a entam\u00e9e dans la crise qui secoue le secteur de la sant\u00e9.<\/strong><\/p>\n<p>Le secteur de la sant\u00e9 publique traverse une crise due \u00e0 un mouvement d\u2019humeur des agents et structures syndicales pour revendiquer, entre autres, de meilleures conditions de vie et de travail. Pour aider les syndicats et le gouvernement \u00e0 trouver un terrain d\u2019attente et surtout \u00e9viter le pire aux Burkinab\u00e8, l\u2019Union pour le changement et le progr\u00e8s (UPC) a entam\u00e9 une m\u00e9diation. Le samedi 2 novembre 2019 \u00e0 Ouagadougou, le secr\u00e9tariat national charg\u00e9 des questions de sant\u00e9 du parti a anim\u00e9 une conf\u00e9rence de presse en vue de faire le point de cette d\u00e9marche.<\/p>\n<p>\u00abC\u2019est depuis avril 2019, que nous avions attir\u00e9 l\u2019attention du gouvernement \u00e0 traiter avec diligence les probl\u00e8mes pos\u00e9s en son temps par les syndicats de la sant\u00e9\u00bb, a affirm\u00e9 le secr\u00e9taire national charg\u00e9 des questions de sant\u00e9, le Dr L\u00e9once Zoungrana. Selon le conf\u00e9rencier du jour, dans sa posture de m\u00e9diateur, \u00able parti du lion\u00bb a d\u2019abord rencontr\u00e9 les syndicats et a pris connaissance de leurs revendications. Celles-ci portent, entre autres, sur des probl\u00e8mes d\u2019avancement, des menaces sur les lieux de travail, des mauvaises conditions de travail, du manque ou d\u2019absence d\u2019outils ad\u00e9quats, de la mise en \u0153uvre de la loi sur la Fonction publique hospitali\u00e8re, de la mise en \u0153uvre \u00abunilat\u00e9rale\u00bb de la mesure sur la gratuit\u00e9 des soins.<\/p>\n<p>Apr\u00e8s cette \u00e9tape, l\u2019UPC dit avoir adress\u00e9 une correspondance au minist\u00e8re de la Sant\u00e9 pour la rencontrer. Mais jusqu\u2019\u00e0 la date de la conf\u00e9rence de presse, a signifi\u00e9 le Dr Zoungrana, le minist\u00e8re n\u2019a pas donn\u00e9 une suite favorable \u00e0 la correspondance. Qu\u2019\u00e0 cela ne tienne, l\u2019UPC dit ne pas douter de la volont\u00e9 du gouvernement de trouver une solution \u00e0 la crise. A entendre L\u00e9once Zoungrana, une fois re\u00e7ue par le gouvernement, l\u2019UPC cherchera \u00e0 ramener les deux parties \u00e0 la table des n\u00e9gociations, afin de trouver des propositions consensuelles \u00e0 la crise.<\/p>\n<p>\u00abCette conf\u00e9rence de presse n\u2019est pas une prise de position, mais plut\u00f4t un devoir de recevabilit\u00e9 pour notre parti de rendre compte au peuple burkinab\u00e8 de la d\u00e9marche engag\u00e9e. Tout ce que nous voulons, c\u2019est que gouvernement et travailleurs reviennent \u00e0 la table du dialogue pour une sortie de crise\u00bb, a-t-il fait savoir.<\/p>\n<p>Interrog\u00e9 sur le pr\u00e9l\u00e8vement sur les salaires des agents pour fait de gr\u00e8ve, Dr Zoungrana qui dit s\u2019abstenir de tout commentaire parce qu\u2019\u00e9tant un m\u00e9diateur, craint toutefois que cette retenue faite sur les salaires ne vienne durcir la lutte.<\/p>\n<p><strong>Jean-Marie TOE &#038;<\/strong><br \/><strong>Mamourou BENAO<\/strong> (stagiaire)<\/p>\n<\/div>\n<p>Auteur: JK. Sidwaya<br \/>\n<a href=\"https:\/\/www.sidwaya.info\/blog\/2019\/11\/04\/crise-dans-le-secteur-de-la-sante-la-difficile-mediation-de-lupc\/\">Cliquez ici pour lire l&rsquo;article depuis sa source.<\/a><\/p>\n","protected":false},"excerpt":{"rendered":"<p>Le secr\u00e9tariat national charg\u00e9 des questions de sant\u00e9 de l\u2019Union pour le progr\u00e8s et le changement (UPC), a anim\u00e9, le samedi 2 novembre 2019 \u00e0 Ouagadougou, une conf\u00e9rence de presse sur la m\u00e9diation qu\u2019il a entam\u00e9e dans la crise qui secoue le secteur de la sant\u00e9. Le secteur de la sant\u00e9 publique traverse une crise [&hellip;]<\/p>\n","protected":false},"author":1816,"featured_media":0,"comment_status":"closed","ping_status":"closed","sticky":false,"template":"","format":"standard","meta":{"fifu_image_url":"","fifu_image_alt":"","footnotes":""},"categories":[73,81],"tags":[],"class_list":["post-66646","post","type-post","status-publish","format-standard","hentry","category-actualite","category-burkina-faso"],"_links":{"self":[{"href":"https:\/\/linitiative.ca\/International\/wp-json\/wp\/v2\/posts\/66646","targetHints":{"allow":["GET"]}}],"collection":[{"href":"https:\/\/linitiative.ca\/International\/wp-json\/wp\/v2\/posts"}],"about":[{"href":"https:\/\/linitiative.ca\/International\/wp-json\/wp\/v2\/types\/post"}],"author":[{"embeddable":true,"href":"https:\/\/linitiative.ca\/International\/wp-json\/wp\/v2\/users\/1816"}],"replies":[{"embeddable":true,"href":"https:\/\/linitiative.ca\/International\/wp-json\/wp\/v2\/comments?post=66646"}],"version-history":[{"count":0,"href":"https:\/\/linitiative.ca\/International\/wp-json\/wp\/v2\/posts\/66646\/revisions"}],"wp:attachment":[{"href":"https:\/\/linitiative.ca\/International\/wp-json\/wp\/v2\/media?parent=66646"}],"wp:term":[{"taxonomy":"category","embeddable":true,"href":"https:\/\/linitiative.ca\/International\/wp-json\/wp\/v2\/categories?post=66646"},{"taxonomy":"post_tag","embeddable":true,"href":"https:\/\/linitiative.ca\/International\/wp-json\/wp\/v2\/tags?post=66646"}],"curies":[{"name":"wp","href":"https:\/\/api.w.org\/{rel}","templated":true}]}}