{"id":66647,"date":"2019-11-04T18:19:32","date_gmt":"2019-11-04T23:19:32","guid":{"rendered":"https:\/\/linitiative.ca\/International\/developpement-de-lafrique-des-chercheurs-en-quete-de-nouvelles-idees\/"},"modified":"2019-11-04T18:19:32","modified_gmt":"2019-11-04T23:19:32","slug":"developpement-de-lafrique-des-chercheurs-en-quete-de-nouvelles-idees","status":"publish","type":"post","link":"https:\/\/linitiative.ca\/International\/developpement-de-lafrique-des-chercheurs-en-quete-de-nouvelles-idees\/","title":{"rendered":"D\u00e9veloppement de l\u2019Afrique : Des chercheurs en qu\u00eate de nouvelles id\u00e9es"},"content":{"rendered":"<div class=\"td-post-featured-image\" readability=\"34\"><a href=\"https:\/\/i0.wp.com\/www.sidwaya.info\/wp-content\/uploads\/2019\/11\/tank.gif?fit=787%2C523&#038;ssl=1\" data-caption=\"Les chercheurs, professionnels et praticiens du d\u00e9veloppement venus d\u2019Afrique et d\u2019ailleurs vont mener des r\u00e9flexions pour une nouvelle \u00e9conomie du d\u00e9veloppement pour l\u2019Afrique.\"><img loading=\"lazy\" decoding=\"async\" width=\"696\" height=\"463\" class=\"entry-thumb td-modal-image\" src=\"https:\/\/i0.wp.com\/www.sidwaya.info\/wp-content\/uploads\/2019\/11\/tank.gif?resize=696%2C463&#038;ssl=1\" alt=\"\" title=\"tank\"\/><\/a>Les chercheurs, professionnels et praticiens du d\u00e9veloppement venus d\u2019Afrique et d\u2019ailleurs vont mener des r\u00e9flexions pour une nouvelle \u00e9conomie du d\u00e9veloppement pour l\u2019Afrique.<\/div>\n<div class=\"td-a-rec td-a-rec-id-content_top td_uid_30_5dc1fb5211b49_rand td_block_template_1\"><img loading=\"lazy\" decoding=\"async\" class=\"aligncenter size-full wp-image-15640\" src=\"https:\/\/www.sidwaya.info\/wp-content\/uploads\/2019\/10\/pf-pub-1.jpeg\" alt=\"\" width=\"1080\" height=\"360\"\/><\/div>\n<p><strong>L\u2019Universit\u00e9 Ouaga II en collaboration avec le r\u00e9seau Think Tanks UEMOA et le centre de recherche FORGE-Afrique organisent, les 25 et 26 octobre 2019 \u00e0 Ouagadougou, un colloque international sur les d\u00e9fis d\u2019une Afrique nouvelle.<\/strong><\/p>\n<p>Malgr\u00e9 les ressources que regorge l\u2019Afrique et les diff\u00e9rents mod\u00e8les de d\u00e9veloppement socio\u00e9conomique pr\u00e9sent\u00e9s comme rem\u00e8des aux probl\u00e8mes de son sous-d\u00e9veloppement et de sa pauvret\u00e9 g\u00e9n\u00e9ralis\u00e9e, elle demeure toujours le continent qui peine \u00e0 satisfaire les besoins les plus \u00e9l\u00e9mentaires de ses populations.<\/p>\n<p>Convaincus que les solutions au d\u00e9veloppement africain r\u00e9sident dans de \u00abstrat\u00e9gies adapt\u00e9es aux contextes africains\u00bb, les chercheurs, professionnels et praticiens du d\u00e9veloppement venus d\u2019Afrique et d\u2019ailleurs se sont r\u00e9unis, les 25 et 26 octobre 2019 \u00e0 Ouagadougou, pour mener des r\u00e9flexions sur le th\u00e8me : \u00abrepenser l\u2019\u00e9conomie du d\u00e9veloppement : les d\u00e9fis d\u2019une Afrique nouvelle\u00bb.<\/p>\n<p>Ce colloque international selon la repr\u00e9sentant du patron de la c\u00e9r\u00e9monie, Pauline Zour\u00e9, est un cadre d\u2019\u00e9changes dont l\u2019objectif est d\u2019imaginer et de produire des id\u00e9es nouvelles pour relancer le d\u00e9veloppement de l\u2019Afrique. \u00abQuels sont les d\u00e9fis \u00e0 relever pour faire \u00e9clore une Afrique nouvelle ? C\u2019est une des grandes questions longtemps pos\u00e9es mais dont la r\u00e9ponse reste \u00e0 imaginer.<\/p>\n<p>Et en r\u00e9unissant ces diff\u00e9rentes disciplines, cela t\u00e9moigne de la volont\u00e9 de renforcer le dialogue des sciences pour faire ensemble le diagnostic d\u2019une Afrique dont le d\u00e9veloppement tarde \u00e0 venir\u00bb, a-t-elle dit. Et au pr\u00e9sident du comit\u00e9 d\u2019organisation, Pr Idrissa Ou\u00e9draogo, de soutenir que cette tribune offre donc l\u2019opportunit\u00e9 aux diff\u00e9rentes cat\u00e9gories d\u2019acteurs d\u2019assoeir un dialogue ouvert et prospectif, de partager leurs connaissances, de s\u2019enrichir de leurs mutuelles exp\u00e9riences et d\u2019apporter leur contribution \u00e0 la compr\u00e9hension des grandes pr\u00e9occupations socio\u00e9conomiques et politiques contemporaines de l\u2019Afrique.<\/p>\n<p>\u00abIl s\u2019agit en dernier ressort, d\u2019aider \u00e0 identifier des th\u00e9rapies endog\u00e8nes et efficaces aux questions de d\u00e9veloppement qui se posent \u00e0 l\u2019Afrique autour de six axes de recherche dont la gouvernance et la transformation structurelle, le financement du d\u00e9veloppement en Afrique ; la perception de l\u2019int\u00e9gration dans les soci\u00e9t\u00e9s africaines ; l\u2019histoire, la culture, la s\u00e9curit\u00e9 \u00bb, a ajout\u00e9 M. Ou\u00e9draogo. Pour ce faire, il a signifi\u00e9 qu\u2019une cinquantaine de communications, deux pl\u00e9ni\u00e8res sont les activit\u00e9s qui vont marquer ces 48 heures de travaux.<\/p>\n<p>Aussi a fait savoir le professeur, le comit\u00e9 scientifique va privil\u00e9gier les propositions portant sur les perspectives pour une nouvelle \u00e9conomie du d\u00e9veloppement pour l\u2019Afrique, mais \u00e9galement les contributions innovantes et celles portant sur les enjeux d\u2019actualit\u00e9. A l\u2019issue du colloque les meilleurs articles retenus seront soumis \u00e0 un comit\u00e9 de lecture en vue de la publication d\u2019un ouvrage collectif, ce, avec l\u2019accord des auteurs, a-t-il indiqu\u00e9.<\/p>\n<p class=\"c1\"><strong>Kadi RABO<\/strong><\/p>\n<div class=\"td-a-rec td-a-rec-id-content_bottom td_uid_31_5dc1fb5211d32_rand td_block_template_1\"><img loading=\"lazy\" decoding=\"async\" class=\"aligncenter size-full wp-image-9623\" src=\"https:\/\/www.sidwaya.info\/wp-content\/uploads\/2019\/06\/Projet-bannie%CC%80re-Orange-mobile.jpg\" alt=\"\" width=\"728\" height=\"81\"\/><\/div>\n<p>Auteur: JK. Sidwaya<br \/>\n<a href=\"https:\/\/www.sidwaya.info\/blog\/2019\/11\/04\/developpement-de-lafrique-des-chercheurs-en-quete-de-nouvelles-idees-2\/\">Cliquez ici pour lire l&rsquo;article depuis sa source.<\/a><\/p>\n","protected":false},"excerpt":{"rendered":"<p>Les chercheurs, professionnels et praticiens du d\u00e9veloppement venus d\u2019Afrique et d\u2019ailleurs vont mener des r\u00e9flexions pour une nouvelle \u00e9conomie du d\u00e9veloppement pour l\u2019Afrique. L\u2019Universit\u00e9 Ouaga II en collaboration avec le r\u00e9seau Think Tanks UEMOA et le centre de recherche FORGE-Afrique organisent, les 25 et 26 octobre 2019 \u00e0 Ouagadougou, un colloque international sur les d\u00e9fis [&hellip;]<\/p>\n","protected":false},"author":1816,"featured_media":0,"comment_status":"closed","ping_status":"closed","sticky":false,"template":"","format":"standard","meta":{"fifu_image_url":"","fifu_image_alt":"","footnotes":""},"categories":[73,81],"tags":[],"class_list":["post-66647","post","type-post","status-publish","format-standard","hentry","category-actualite","category-burkina-faso"],"_links":{"self":[{"href":"https:\/\/linitiative.ca\/International\/wp-json\/wp\/v2\/posts\/66647","targetHints":{"allow":["GET"]}}],"collection":[{"href":"https:\/\/linitiative.ca\/International\/wp-json\/wp\/v2\/posts"}],"about":[{"href":"https:\/\/linitiative.ca\/International\/wp-json\/wp\/v2\/types\/post"}],"author":[{"embeddable":true,"href":"https:\/\/linitiative.ca\/International\/wp-json\/wp\/v2\/users\/1816"}],"replies":[{"embeddable":true,"href":"https:\/\/linitiative.ca\/International\/wp-json\/wp\/v2\/comments?post=66647"}],"version-history":[{"count":0,"href":"https:\/\/linitiative.ca\/International\/wp-json\/wp\/v2\/posts\/66647\/revisions"}],"wp:attachment":[{"href":"https:\/\/linitiative.ca\/International\/wp-json\/wp\/v2\/media?parent=66647"}],"wp:term":[{"taxonomy":"category","embeddable":true,"href":"https:\/\/linitiative.ca\/International\/wp-json\/wp\/v2\/categories?post=66647"},{"taxonomy":"post_tag","embeddable":true,"href":"https:\/\/linitiative.ca\/International\/wp-json\/wp\/v2\/tags?post=66647"}],"curies":[{"name":"wp","href":"https:\/\/api.w.org\/{rel}","templated":true}]}}