{"id":66648,"date":"2019-11-05T08:10:54","date_gmt":"2019-11-05T13:10:54","guid":{"rendered":"https:\/\/linitiative.ca\/International\/diplomatie-burkinabejacques-r-r-guiguemde-elu-vice-president-du-gac-icann\/"},"modified":"2019-11-05T08:10:54","modified_gmt":"2019-11-05T13:10:54","slug":"diplomatie-burkinabejacques-r-r-guiguemde-elu-vice-president-du-gac-icann","status":"publish","type":"post","link":"https:\/\/linitiative.ca\/International\/diplomatie-burkinabejacques-r-r-guiguemde-elu-vice-president-du-gac-icann\/","title":{"rendered":"Diplomatie burkinab\u00e9:Jacques R. R. Guiguemde \u00e9lu vice pr\u00e9sident  du GAC-ICANN"},"content":{"rendered":"<div class=\"td-a-rec td-a-rec-id-content_top td_uid_30_5dc1fb55a97a7_rand td_block_template_1\"><img loading=\"lazy\" decoding=\"async\" class=\"aligncenter size-full wp-image-15640\" src=\"https:\/\/www.sidwaya.info\/wp-content\/uploads\/2019\/10\/pf-pub-1.jpeg\" alt=\"\" width=\"1080\" height=\"360\"\/><\/div>\n<p>A <span class=\"yiv1005047995gmail-textexposedshow\">32 ans<\/span>, Jacques Rodrigue Ragnimpinda GUIGUEMDE, a \u00e9t\u00e9 \u00e9lu vice pr\u00e9sident du Comit\u00e9 Consultatif des Gouvernements (GAC) de l\u2019Internet Corporation for Assigned Names and Numbers (ICANN) \u00e0 l issue des travaux du 66 eme congr\u00e8s de l\u2019organisation qui se sont d\u00e9roul\u00e9s entre le 11 octobre et le 03 novembre 2019 \u00e0 Montr\u00e9al au Canada<span class=\"yiv1005047995gmail-textexposedshow\">. Il entamera son mandat de vice pr\u00e9sident du GAC-ICANN en d\u00e9but de l\u2019ann\u00e9e 2020.<\/span><\/p>\n<p>BS<\/p>\n<div class=\"td-a-rec td-a-rec-id-content_bottom td_uid_31_5dc1fb55a99b9_rand td_block_template_1\"><img loading=\"lazy\" decoding=\"async\" class=\"aligncenter size-full wp-image-9623\" src=\"https:\/\/www.sidwaya.info\/wp-content\/uploads\/2019\/06\/Projet-bannie%CC%80re-Orange-mobile.jpg\" alt=\"\" width=\"728\" height=\"81\"\/><\/div>\n<p>Auteur: BS. Sidwaya<br \/>\n<a href=\"https:\/\/www.sidwaya.info\/blog\/2019\/11\/05\/diplomatie-burkinabejacques-r-r-guiguemde-elu-vice-president-du-gac-icann\/\">Cliquez ici pour lire l&rsquo;article depuis sa source.<\/a><\/p>\n","protected":false},"excerpt":{"rendered":"<p>A 32 ans, Jacques Rodrigue Ragnimpinda GUIGUEMDE, a \u00e9t\u00e9 \u00e9lu vice pr\u00e9sident du Comit\u00e9 Consultatif des Gouvernements (GAC) de l\u2019Internet Corporation for Assigned Names and Numbers (ICANN) \u00e0 l issue des travaux du 66 eme congr\u00e8s de l\u2019organisation qui se sont d\u00e9roul\u00e9s entre le 11 octobre et le 03 novembre 2019 \u00e0 Montr\u00e9al au Canada. [&hellip;]<\/p>\n","protected":false},"author":1816,"featured_media":66649,"comment_status":"closed","ping_status":"closed","sticky":false,"template":"","format":"standard","meta":{"fifu_image_url":"","fifu_image_alt":"","footnotes":""},"categories":[73,81],"tags":[],"class_list":["post-66648","post","type-post","status-publish","format-standard","has-post-thumbnail","hentry","category-actualite","category-burkina-faso"],"_links":{"self":[{"href":"https:\/\/linitiative.ca\/International\/wp-json\/wp\/v2\/posts\/66648","targetHints":{"allow":["GET"]}}],"collection":[{"href":"https:\/\/linitiative.ca\/International\/wp-json\/wp\/v2\/posts"}],"about":[{"href":"https:\/\/linitiative.ca\/International\/wp-json\/wp\/v2\/types\/post"}],"author":[{"embeddable":true,"href":"https:\/\/linitiative.ca\/International\/wp-json\/wp\/v2\/users\/1816"}],"replies":[{"embeddable":true,"href":"https:\/\/linitiative.ca\/International\/wp-json\/wp\/v2\/comments?post=66648"}],"version-history":[{"count":0,"href":"https:\/\/linitiative.ca\/International\/wp-json\/wp\/v2\/posts\/66648\/revisions"}],"wp:featuredmedia":[{"embeddable":true,"href":"https:\/\/linitiative.ca\/International\/wp-json\/"}],"wp:attachment":[{"href":"https:\/\/linitiative.ca\/International\/wp-json\/wp\/v2\/media?parent=66648"}],"wp:term":[{"taxonomy":"category","embeddable":true,"href":"https:\/\/linitiative.ca\/International\/wp-json\/wp\/v2\/categories?post=66648"},{"taxonomy":"post_tag","embeddable":true,"href":"https:\/\/linitiative.ca\/International\/wp-json\/wp\/v2\/tags?post=66648"}],"curies":[{"name":"wp","href":"https:\/\/api.w.org\/{rel}","templated":true}]}}