{"id":66660,"date":"2019-11-05T12:12:09","date_gmt":"2019-11-05T17:12:09","guid":{"rendered":"https:\/\/linitiative.ca\/International\/emprunt-de-126-milliards-de-fcfa-pour-amenager-le-lac-municipal-de-yaounde\/"},"modified":"2019-11-05T12:12:09","modified_gmt":"2019-11-05T17:12:09","slug":"emprunt-de-126-milliards-de-fcfa-pour-amenager-le-lac-municipal-de-yaounde","status":"publish","type":"post","link":"https:\/\/linitiative.ca\/International\/emprunt-de-126-milliards-de-fcfa-pour-amenager-le-lac-municipal-de-yaounde\/","title":{"rendered":"Emprunt de 12,6 milliards de FCFA pour am\u00e9nager le Lac municipal de Yaound\u00e9"},"content":{"rendered":"<div class=\"featured-area featured-area-inner\"><img loading=\"lazy\" decoding=\"async\" width=\"780\" height=\"405\" src=\"https:\/\/ecomatin.net\/wp-content\/uploads\/2019\/11\/Lac-municipal-780x405.jpg\" class=\"attachment-jannah-image-post size-jannah-image-post wp-post-image\" alt=\"\" data-attachment-id=\"13922\" data-permalink=\"https:\/\/ecomatin.net\/emprunt-de-126-milliards-de-fcfa-pour-amenager-le-lac-municipal-de-yaounde\/lac-municipal-2\/\" data-orig-file=\"https:\/\/ecomatin.net\/wp-content\/uploads\/2019\/11\/Lac-municipal.jpg\" data-orig-size=\"1400,840\" data-comments-opened=\"0\" data-image-meta=\"{\"aperture\":\"0\",\"credit\":\"\",\"camera\":\"\",\"caption\":\"\",\"created_timestamp\":\"0\",\"copyright\":\"\",\"focal_length\":\"0\",\"iso\":\"0\",\"shutter_speed\":\"0\",\"title\":\"\",\"orientation\":\"1\"}\" data-image-title=\"Lac-municipal\" data-image-description=\"\" data-medium-file=\"https:\/\/ecomatin.net\/wp-content\/uploads\/2019\/11\/Lac-municipal-300x180.jpg\" data-large-file=\"https:\/\/ecomatin.net\/wp-content\/uploads\/2019\/11\/Lac-municipal-1024x614.jpg\"\/><\/div>\n<div class=\"entry-content entry clearfix\" readability=\"68\">\n<p>Le pr\u00e9sident de la R\u00e9publique camerounaise vient de signer deux actes autorisant le ministre de l\u2019Economie, de la planification et de l\u2019am\u00e9nagement du territoire (<strong>MINEPAT<\/strong>) \u00e0 contracter deux cr\u00e9dits aupr\u00e8s de la <strong>Deutsche Bank d\u2019Espagne<\/strong> pour le d\u00e9veloppement de la premi\u00e8re phase du Projet d\u2019am\u00e9nagement du Lac municipal.<\/p>\n<p>Le premier emprunt, d\u2019une valeur de <strong>9 milliards de FCFA,<\/strong> est un cr\u00e9dit-acheteur devant permettre d\u2019entamer la phase I du Projet d\u2019am\u00e9nagement touristique et \u00e9conomique du Lac municipal de Yaound\u00e9. Le second est \u00e9valu\u00e9 \u00e0 <strong>3,6 milliards de FCFA.<\/strong> Destin\u00e9 au m\u00eame projet, c\u2019est un cr\u00e9dit-commercial avec le m\u00eame \u00e9tablissement bancaire.<\/p>\n<p>Lanc\u00e9 depuis 2016, l\u2019am\u00e9nagement du lac municipal de Yaound\u00e9 consiste, entre autres, \u00e0 d\u00e9polluer et \u00e0 assainir les eaux du lac, installer des \u00e9quipements de sport nautique, am\u00e9nager ses berges, et construire sur ses abords un <strong>h\u00f4tel 5 \u00e9toiles<\/strong> et des restaurants de classe internationale, des boutiques, ainsi qu\u2019un espace de d\u00e9tente et de loisirs. L\u2019ensemble de ces travaux est conduit par une entreprise espagnole d\u00e9nomm\u00e9e <strong>Acciona<\/strong>.<\/p>\n<p>Par le pass\u00e9, la Deutsche Bank d\u2019Espagne, repr\u00e9sent\u00e9e par <strong>Antonio Navarro Escabias<\/strong>, avait proc\u00e9d\u00e9, le 13 septembre 2016 \u00e0 Yaound\u00e9, \u00e0 la signature de deux conventions de pr\u00eats d\u2019un montant cumul\u00e9 de <strong>21 milliards de FCFA<\/strong>, pour cette phase 1 du projet.<\/p>\n<div class=\"about-author about-author-box container-wrapper\">\n<div class=\"author-avatar\"><img decoding=\"async\" src=\"http:\/\/\" alt=\"\"\/><\/div>\n<p><h4>La R\u00e9daction EcoMatin<\/h4>\n<\/p>\n<\/div>\n<div class=\"awac-wrapper awac widget blog_subscription-2\">\n<h4 class=\"widget-title\">Abonnez-vous \u00e0 notre lettre d&rsquo;information<\/h4>\n<\/div>\n<\/div>\n<p>Auteur: EcoMatin<br \/>\n<a href=\"https:\/\/ecomatin.net\/emprunt-de-126-milliards-de-fcfa-pour-amenager-le-lac-municipal-de-yaounde\/\">Cliquez ici pour lire l&rsquo;article depuis sa source.<\/a><\/p>\n","protected":false},"excerpt":{"rendered":"<p>Le pr\u00e9sident de la R\u00e9publique camerounaise vient de signer deux actes autorisant le ministre de l\u2019Economie, de la planification et de l\u2019am\u00e9nagement du territoire (MINEPAT) \u00e0 contracter deux cr\u00e9dits aupr\u00e8s de la Deutsche Bank d\u2019Espagne pour le d\u00e9veloppement de la premi\u00e8re phase du Projet d\u2019am\u00e9nagement du Lac municipal. Le premier emprunt, d\u2019une valeur de 9 [&hellip;]<\/p>\n","protected":false},"author":1969,"featured_media":66661,"comment_status":"closed","ping_status":"closed","sticky":false,"template":"","format":"standard","meta":{"fifu_image_url":"","fifu_image_alt":"","footnotes":""},"categories":[82,78],"tags":[],"class_list":["post-66660","post","type-post","status-publish","format-standard","has-post-thumbnail","hentry","category-cameroun","category-economie"],"_links":{"self":[{"href":"https:\/\/linitiative.ca\/International\/wp-json\/wp\/v2\/posts\/66660","targetHints":{"allow":["GET"]}}],"collection":[{"href":"https:\/\/linitiative.ca\/International\/wp-json\/wp\/v2\/posts"}],"about":[{"href":"https:\/\/linitiative.ca\/International\/wp-json\/wp\/v2\/types\/post"}],"author":[{"embeddable":true,"href":"https:\/\/linitiative.ca\/International\/wp-json\/wp\/v2\/users\/1969"}],"replies":[{"embeddable":true,"href":"https:\/\/linitiative.ca\/International\/wp-json\/wp\/v2\/comments?post=66660"}],"version-history":[{"count":0,"href":"https:\/\/linitiative.ca\/International\/wp-json\/wp\/v2\/posts\/66660\/revisions"}],"wp:featuredmedia":[{"embeddable":true,"href":"https:\/\/linitiative.ca\/International\/wp-json\/"}],"wp:attachment":[{"href":"https:\/\/linitiative.ca\/International\/wp-json\/wp\/v2\/media?parent=66660"}],"wp:term":[{"taxonomy":"category","embeddable":true,"href":"https:\/\/linitiative.ca\/International\/wp-json\/wp\/v2\/categories?post=66660"},{"taxonomy":"post_tag","embeddable":true,"href":"https:\/\/linitiative.ca\/International\/wp-json\/wp\/v2\/tags?post=66660"}],"curies":[{"name":"wp","href":"https:\/\/api.w.org\/{rel}","templated":true}]}}