{"id":66662,"date":"2019-11-05T12:31:07","date_gmt":"2019-11-05T17:31:07","guid":{"rendered":"https:\/\/linitiative.ca\/International\/le-gouvernement-veut-limiter-les-effets-de-la-boucle-miniere-du-dja-sur-la-population-et-lenvironnement\/"},"modified":"2019-11-05T12:31:07","modified_gmt":"2019-11-05T17:31:07","slug":"le-gouvernement-veut-limiter-les-effets-de-la-boucle-miniere-du-dja-sur-la-population-et-lenvironnement","status":"publish","type":"post","link":"https:\/\/linitiative.ca\/International\/le-gouvernement-veut-limiter-les-effets-de-la-boucle-miniere-du-dja-sur-la-population-et-lenvironnement\/","title":{"rendered":"Le gouvernement veut limiter les effets de la boucle mini\u00e8re du Dja sur la population et l\u2019environnement"},"content":{"rendered":"<div class=\"featured-area featured-area-inner\"><img loading=\"lazy\" decoding=\"async\" width=\"500\" height=\"375\" src=\"https:\/\/ecomatin.net\/wp-content\/uploads\/2019\/11\/2302-10335-apres-avoir-deserte-le-cameroun-depuis-2013-geovic-veut-relancer-le-projet-d-exploitation-du-nickel-et-du-cobalt-de-lomie_L.jpg\" class=\"attachment-jannah-image-post size-jannah-image-post wp-post-image\" alt=\"\" srcset=\"https:\/\/ecomatin.net\/wp-content\/uploads\/2019\/11\/2302-10335-apres-avoir-deserte-le-cameroun-depuis-2013-geovic-veut-relancer-le-projet-d-exploitation-du-nickel-et-du-cobalt-de-lomie_L.jpg 500w, https:\/\/ecomatin.net\/wp-content\/uploads\/2019\/11\/2302-10335-apres-avoir-deserte-le-cameroun-depuis-2013-geovic-veut-relancer-le-projet-d-exploitation-du-nickel-et-du-cobalt-de-lomie_L-300x225.jpg 300w\" sizes=\"auto, (max-width: 500px) 100vw, 500px\" data-attachment-id=\"13929\" data-permalink=\"https:\/\/ecomatin.net\/le-gouvernement-veut-limiter-les-effets-de-la-boucle-miniere-du-dja-sur-la-population-et-lenvironnement\/2302-10335-apres-avoir-deserte-le-cameroun-depuis-2013-geovic-veut-relancer-le-projet-d-exploitation-du-nickel-et-du-cobalt-de-lomie_l\/\" data-orig-file=\"https:\/\/ecomatin.net\/wp-content\/uploads\/2019\/11\/2302-10335-apres-avoir-deserte-le-cameroun-depuis-2013-geovic-veut-relancer-le-projet-d-exploitation-du-nickel-et-du-cobalt-de-lomie_L.jpg\" data-orig-size=\"500,375\" data-comments-opened=\"0\" data-image-meta=\"{\"aperture\":\"0\",\"credit\":\"\",\"camera\":\"\",\"caption\":\"\",\"created_timestamp\":\"0\",\"copyright\":\"\",\"focal_length\":\"0\",\"iso\":\"0\",\"shutter_speed\":\"0\",\"title\":\"\",\"orientation\":\"0\"}\" data-image-title=\"2302-10335-apres-avoir-deserte-le-cameroun-depuis-2013-geovic-veut-relancer-le-projet-d-exploitation-du-nickel-et-du-cobalt-de-lomie_L\" data-image-description=\"\" data-medium-file=\"https:\/\/ecomatin.net\/wp-content\/uploads\/2019\/11\/2302-10335-apres-avoir-deserte-le-cameroun-depuis-2013-geovic-veut-relancer-le-projet-d-exploitation-du-nickel-et-du-cobalt-de-lomie_L-300x225.jpg\" data-large-file=\"https:\/\/ecomatin.net\/wp-content\/uploads\/2019\/11\/2302-10335-apres-avoir-deserte-le-cameroun-depuis-2013-geovic-veut-relancer-le-projet-d-exploitation-du-nickel-et-du-cobalt-de-lomie_L.jpg\"\/><\/div>\n<div class=\"entry-content entry clearfix\" readability=\"68\">\n<p>Le gouvernement camerounais s\u2019engage \u00e0 accompagner les populations riveraines impact\u00e9es par le Programme d\u2019am\u00e9nagement et de d\u00e9veloppement int\u00e9gr\u00e9 de la boucle mini\u00e8re du Dja (<strong>PADI-DJA<\/strong>), frontali\u00e8re du Congo, o\u00f9 sont pr\u00e9vus des projets miniers (fer de Mbalam, nickel-cobalt de Lomi\u00e9, fer de Nkout, Nabeba). Cet accompagnement a fait l\u2019objet d\u2019une signature conjointe d\u2019un m\u00e9morandum d\u2019entente entre le MINEPAT et le MINAS, le 5 novembre 2019 \u00e0 Yaound\u00e9. Le but vis\u00e9 par ce partenariat devrait minimiser les effets n\u00e9gatifs des projets miniers du Dja sur les populations locales, gr\u00e2ce \u00e0 des compensations et des r\u00e9installations ad\u00e9quates.<\/p>\n<p><em>\u00ab\u00a0Comme on peut le constater, les populations riveraines de la zone de mise en \u0153uvre du PADI-DJA vivent essentiellement dans les localit\u00e9s de forte biodiversit\u00e9 et entretiennent des rapports spirituels et affectifs avec leurs terres. Le m\u00e9morandum que nous venons de signer se pr\u00e9sente comme une r\u00e9ponse efficace \u00e0 la probl\u00e9matique de respect de la conformit\u00e9 sociale et de r\u00e9ussite de mise en \u0153uvre des grands projets\u00a0\u00bb,<\/em> vante <strong>Paule Ir\u00e8ne Nguene<\/strong>, ministre des Affaires sociales.<\/p>\n<p>La mise en exploitation de nombreux projets miniers dans les r\u00e9gions de l\u2019Est et du Sud du Cameroun va in\u00e9luctablement induire d\u2019importants changements sociaux et de nombreux bouleversements de l\u2019\u00e9cosyst\u00e8me de la zone. Cette collaboration des deux membres du gouvernement s\u2019av\u00e8re imp\u00e9rative pour mieux faire face aux multiples d\u00e9fis qui seront dict\u00e9s par un environnement nouveau, pour un d\u00e9veloppement harmonieux de cette zone transfrontali\u00e8re. Dans cette zone, l\u2019on retrouve les plus importants parcs nationaux du Cameroun o\u00f9 sont malheureusement pr\u00e9vus des projets miniers (nickel-cobalt de Lomi\u00e9, fer de Mbalam et de Lomi\u00e9, etc.).<\/p>\n<p>Le parc national de Nki, celui de Boumabeck et le massif forestier de Ngoyla-Mintom sont des aires prot\u00e9g\u00e9es inclues dans le complexe transfrontalier de conservation d\u00e9nomm\u00e9 le <em>\u00ab Tridom \u00bb,<\/em> cr\u00e9\u00e9 \u00e0 Brazzaville en 2005 par le Cameroun, le Congo et le Gabon. Il est donc plus qu\u2019important d\u2019\u0153uvrer pour le d\u00e9veloppement durable en respectant et en prot\u00e9geant les droits des populations locales et autochtones dans la gestion des ressources naturelles ou min\u00e9rales. Plus de <strong>3,5 milliards de FCFA<\/strong> seront n\u00e9cessaires pour la mise en \u0153uvre de la premi\u00e8re phase du Padji-Dja. Elle doit couvrir la p\u00e9riode 2019 -2021.<\/p>\n<div class=\"about-author about-author-box container-wrapper\">\n<div class=\"author-avatar\"><img decoding=\"async\" src=\"http:\/\/\" alt=\"\"\/><\/div>\n<p><h4>La R\u00e9daction EcoMatin<\/h4>\n<\/p>\n<\/div>\n<div class=\"awac-wrapper awac widget blog_subscription-2\">\n<h4 class=\"widget-title\">Abonnez-vous \u00e0 notre lettre d&rsquo;information<\/h4>\n<\/div>\n<\/div>\n<p>Auteur: EcoMatin<br \/>\n<a href=\"https:\/\/ecomatin.net\/le-gouvernement-veut-limiter-les-effets-de-la-boucle-miniere-du-dja-sur-la-population-et-lenvironnement\/\">Cliquez ici pour lire l&rsquo;article depuis sa source.<\/a><\/p>\n","protected":false},"excerpt":{"rendered":"<p>Le gouvernement camerounais s\u2019engage \u00e0 accompagner les populations riveraines impact\u00e9es par le Programme d\u2019am\u00e9nagement et de d\u00e9veloppement int\u00e9gr\u00e9 de la boucle mini\u00e8re du Dja (PADI-DJA), frontali\u00e8re du Congo, o\u00f9 sont pr\u00e9vus des projets miniers (fer de Mbalam, nickel-cobalt de Lomi\u00e9, fer de Nkout, Nabeba). Cet accompagnement a fait l\u2019objet d\u2019une signature conjointe d\u2019un m\u00e9morandum d\u2019entente [&hellip;]<\/p>\n","protected":false},"author":1969,"featured_media":66663,"comment_status":"closed","ping_status":"closed","sticky":false,"template":"","format":"standard","meta":{"fifu_image_url":"","fifu_image_alt":"","footnotes":""},"categories":[82,78],"tags":[],"class_list":["post-66662","post","type-post","status-publish","format-standard","has-post-thumbnail","hentry","category-cameroun","category-economie"],"_links":{"self":[{"href":"https:\/\/linitiative.ca\/International\/wp-json\/wp\/v2\/posts\/66662","targetHints":{"allow":["GET"]}}],"collection":[{"href":"https:\/\/linitiative.ca\/International\/wp-json\/wp\/v2\/posts"}],"about":[{"href":"https:\/\/linitiative.ca\/International\/wp-json\/wp\/v2\/types\/post"}],"author":[{"embeddable":true,"href":"https:\/\/linitiative.ca\/International\/wp-json\/wp\/v2\/users\/1969"}],"replies":[{"embeddable":true,"href":"https:\/\/linitiative.ca\/International\/wp-json\/wp\/v2\/comments?post=66662"}],"version-history":[{"count":0,"href":"https:\/\/linitiative.ca\/International\/wp-json\/wp\/v2\/posts\/66662\/revisions"}],"wp:featuredmedia":[{"embeddable":true,"href":"https:\/\/linitiative.ca\/International\/wp-json\/"}],"wp:attachment":[{"href":"https:\/\/linitiative.ca\/International\/wp-json\/wp\/v2\/media?parent=66662"}],"wp:term":[{"taxonomy":"category","embeddable":true,"href":"https:\/\/linitiative.ca\/International\/wp-json\/wp\/v2\/categories?post=66662"},{"taxonomy":"post_tag","embeddable":true,"href":"https:\/\/linitiative.ca\/International\/wp-json\/wp\/v2\/tags?post=66662"}],"curies":[{"name":"wp","href":"https:\/\/api.w.org\/{rel}","templated":true}]}}