{"id":66664,"date":"2019-11-06T09:46:33","date_gmt":"2019-11-06T14:46:33","guid":{"rendered":"https:\/\/linitiative.ca\/International\/conjoncture-economique-contraction-du-deficit-courant-a-64-du-pib\/"},"modified":"2019-11-06T09:46:33","modified_gmt":"2019-11-06T14:46:33","slug":"conjoncture-economique-contraction-du-deficit-courant-a-64-du-pib","status":"publish","type":"post","link":"https:\/\/linitiative.ca\/International\/conjoncture-economique-contraction-du-deficit-courant-a-64-du-pib\/","title":{"rendered":"Conjoncture \u00e9conomique : Contraction du d\u00e9ficit courant \u00e0 6,4% du PIB"},"content":{"rendered":"<p>Le d\u00e9ficit courant s\u2019est contract\u00e9, \u00e0 fin septembre 2019, \u00e0 7349 millions de dinars (MD), soit 6,4% du PIB, contre 8 423 MD (8% du PIB), durant la m\u00eame p\u00e9riode de 2018, laissant entrevoir, pour toute l\u2019ann\u00e9e 2019, un d\u00e9ficit courant en de\u00e7\u00e0 de 10% du PIB.<\/p>\n<p>Selon la note conjoncturelle sur les \u00bb Evolutions \u00e9conomiques et mon\u00e9taires et perspectives a moyen terme-Octobre 2019 \u00bb publi\u00e9e, mercredi, par la Banque centrale de Tunisie, \u00ab l\u2019am\u00e9lioration notable des balances des services, des revenus des facteurs et des transferts courants, durant les derniers mois, a contribu\u00e9 significativement, \u00e0 l\u2019att\u00e9nuation de ce d\u00e9ficit \u00bb.<\/p>\n<p>En effet, au niveau de la balance des services, la bonne performance de l\u2019activit\u00e9 touristique, durant la saison estivale de 2019, a induit une am\u00e9lioration notable des flux des recettes touristiques. Au terme du mois de septembre 2019, ces recettes ont totalis\u00e9 1352 millions d\u2019euros, mais demeurent l\u00e9g\u00e8rement en de\u00e7\u00e0 de leur niveau enregistr\u00e9 en 2010, qui a \u00e9t\u00e9 de 1401 millions d\u2019euros sur les 9 premiers mois de ladite ann\u00e9e.<\/p>\n<p>S\u2019agissant des revenus du travail (en esp\u00e8ces), ils ont enregistr\u00e9, en ao\u00fbt 2019, un flux mensuel record de 233 millions d\u2019euros et ont totalis\u00e9 1 121 millions d\u2019euros, sur l\u2019ensemble des neuf premiers mois de 2019, contre 1 022 millions un an auparavant.<\/p>\n<p class=\"dpsp-share-text\">Partager c&rsquo;est aimer!<\/p>\n<div class=\"wp-post-author-wrap wp-post-author-shortcode left\">\n<h3 class=\"awpa-title\"\/>\n<div class=\"wp-post-author\">\n<div class=\"awpa-img awpa-author-block square\"><a href=\"http:\/\/lexpertjournal.net\/fr\/author\/expert\/\"><img loading=\"lazy\" decoding=\"async\" alt=\"\" src=\"http:\/\/2.gravatar.com\/avatar\/56d99be2a6f97af88ccb49fada637fcd?s=150&#038;d=mm&#038;r=g\" srcset=\"http:\/\/2.gravatar.com\/avatar\/56d99be2a6f97af88ccb49fada637fcd?s=300&#038;d=mm&#038;r=g 2x\" class=\"avatar avatar-150 photo\" height=\"150\" width=\"150\"\/><\/a><\/div>\n<\/div>\n<\/div>\n<p>Auteur: L&rsquo;expert<br \/>\n<a href=\"http:\/\/lexpertjournal.net\/fr\/2019\/11\/06\/conjoncture-economique-contraction-du-deficit-courant-a-64-du-pib\/\">Cliquez ici pour lire l&rsquo;article depuis sa source.<\/a><\/p>\n","protected":false},"excerpt":{"rendered":"<p>Le d\u00e9ficit courant s\u2019est contract\u00e9, \u00e0 fin septembre 2019, \u00e0 7349 millions de dinars (MD), soit 6,4% du PIB, contre 8 423 MD (8% du PIB), durant la m\u00eame p\u00e9riode de 2018, laissant entrevoir, pour toute l\u2019ann\u00e9e 2019, un d\u00e9ficit courant en de\u00e7\u00e0 de 10% du PIB. Selon la note conjoncturelle sur les \u00bb Evolutions [&hellip;]<\/p>\n","protected":false},"author":1775,"featured_media":0,"comment_status":"closed","ping_status":"closed","sticky":false,"template":"","format":"standard","meta":{"fifu_image_url":"","fifu_image_alt":"","footnotes":""},"categories":[78,55],"tags":[],"class_list":["post-66664","post","type-post","status-publish","format-standard","hentry","category-economie","category-tunisie"],"_links":{"self":[{"href":"https:\/\/linitiative.ca\/International\/wp-json\/wp\/v2\/posts\/66664","targetHints":{"allow":["GET"]}}],"collection":[{"href":"https:\/\/linitiative.ca\/International\/wp-json\/wp\/v2\/posts"}],"about":[{"href":"https:\/\/linitiative.ca\/International\/wp-json\/wp\/v2\/types\/post"}],"author":[{"embeddable":true,"href":"https:\/\/linitiative.ca\/International\/wp-json\/wp\/v2\/users\/1775"}],"replies":[{"embeddable":true,"href":"https:\/\/linitiative.ca\/International\/wp-json\/wp\/v2\/comments?post=66664"}],"version-history":[{"count":0,"href":"https:\/\/linitiative.ca\/International\/wp-json\/wp\/v2\/posts\/66664\/revisions"}],"wp:attachment":[{"href":"https:\/\/linitiative.ca\/International\/wp-json\/wp\/v2\/media?parent=66664"}],"wp:term":[{"taxonomy":"category","embeddable":true,"href":"https:\/\/linitiative.ca\/International\/wp-json\/wp\/v2\/categories?post=66664"},{"taxonomy":"post_tag","embeddable":true,"href":"https:\/\/linitiative.ca\/International\/wp-json\/wp\/v2\/tags?post=66664"}],"curies":[{"name":"wp","href":"https:\/\/api.w.org\/{rel}","templated":true}]}}