{"id":66667,"date":"2019-11-06T09:52:50","date_gmt":"2019-11-06T14:52:50","guid":{"rendered":"https:\/\/linitiative.ca\/International\/litiges-du-c-africain-les-dons-collectes-depassent-les-deux-milliards\/"},"modified":"2019-11-06T09:52:50","modified_gmt":"2019-11-06T14:52:50","slug":"litiges-du-c-africain-les-dons-collectes-depassent-les-deux-milliards","status":"publish","type":"post","link":"https:\/\/linitiative.ca\/International\/litiges-du-c-africain-les-dons-collectes-depassent-les-deux-milliards\/","title":{"rendered":"Litiges du C. Africain : Les dons collect\u00e9s d\u00e9passent les deux milliards"},"content":{"rendered":"<p>La somme collect\u00e9e mardi pour r\u00e9gler les litiges du Club Africain a atteint 1,291 million de dinars, ce qui porte le total des dons \u00e0 2,984 millions de dinars depuis l\u2019ouverture du compte FTF Litiges CA, annonce la F\u00e9d\u00e9ration tunisienne de football (FTF), mercredi, dans un communiqu\u00e9.<\/p>\n<p>La f\u00e9d\u00e9ration pr\u00e9cise que depuis le lancement de la campagne, elle a r\u00e9ussi \u00e0 r\u00e9gler plusieurs dossiers urgents et \u00e9vit\u00e9 au Club Africain des sanctions sportives, et ce en effectuant sept transferts internationaux dont le montant s\u2019est \u00e9lev\u00e9 \u00e0 2,582 millions dinars.<\/p>\n<p>D\u2019autres litiges avec les clubs de Palanga (Lituanie) et Real Bamako (Mali) dont le montant requis s\u2019\u00e9l\u00e8ve \u00e0 580 mille dinars doivent \u00eatre r\u00e9solus avant le 18 novembre courant pour ne pas exposer le club \u00e0 de nouvelles sanctions, ajoute la FTF.<\/p>\n<p>En butte \u00e0 de graves difficult\u00e9s financi\u00e8res qui ont emp\u00each\u00e9 le r\u00e8glement des frais de transferts \u00e0 des joueurs et \u00e0 des clubs, le club de Bab Jedid, rappelle-t-on, avait \u00e9t\u00e9 lourdement sanctionn\u00e9 en septembre dernier par la FIFA qui lui avait interdit le recrutement et lui a, \u00e9galement, retir\u00e9 6 points dans le classement g\u00e9n\u00e9ral de la ligue 1.<\/p>\n<p class=\"dpsp-share-text\">Partager c&rsquo;est aimer!<\/p>\n<div class=\"wp-post-author-wrap wp-post-author-shortcode left\">\n<h3 class=\"awpa-title\"\/>\n<div class=\"wp-post-author\">\n<div class=\"awpa-img awpa-author-block square\"><a href=\"http:\/\/lexpertjournal.net\/fr\/author\/expert\/\"><img loading=\"lazy\" decoding=\"async\" alt=\"\" src=\"http:\/\/2.gravatar.com\/avatar\/56d99be2a6f97af88ccb49fada637fcd?s=150&#038;d=mm&#038;r=g\" srcset=\"http:\/\/2.gravatar.com\/avatar\/56d99be2a6f97af88ccb49fada637fcd?s=300&#038;d=mm&#038;r=g 2x\" class=\"avatar avatar-150 photo\" height=\"150\" width=\"150\"\/><\/a><\/div>\n<\/div>\n<\/div>\n<p>Auteur: L&rsquo;expert<br \/>\n<a href=\"http:\/\/lexpertjournal.net\/fr\/2019\/11\/06\/litiges-du-c-africain-les-dons-collectes-depassent-les-deux-milliards\/\">Cliquez ici pour lire l&rsquo;article depuis sa source.<\/a><\/p>\n","protected":false},"excerpt":{"rendered":"<p>La somme collect\u00e9e mardi pour r\u00e9gler les litiges du Club Africain a atteint 1,291 million de dinars, ce qui porte le total des dons \u00e0 2,984 millions de dinars depuis l\u2019ouverture du compte FTF Litiges CA, annonce la F\u00e9d\u00e9ration tunisienne de football (FTF), mercredi, dans un communiqu\u00e9. La f\u00e9d\u00e9ration pr\u00e9cise que depuis le lancement de [&hellip;]<\/p>\n","protected":false},"author":1775,"featured_media":0,"comment_status":"closed","ping_status":"closed","sticky":false,"template":"","format":"standard","meta":{"fifu_image_url":"","fifu_image_alt":"","footnotes":""},"categories":[78,55],"tags":[],"class_list":["post-66667","post","type-post","status-publish","format-standard","hentry","category-economie","category-tunisie"],"_links":{"self":[{"href":"https:\/\/linitiative.ca\/International\/wp-json\/wp\/v2\/posts\/66667","targetHints":{"allow":["GET"]}}],"collection":[{"href":"https:\/\/linitiative.ca\/International\/wp-json\/wp\/v2\/posts"}],"about":[{"href":"https:\/\/linitiative.ca\/International\/wp-json\/wp\/v2\/types\/post"}],"author":[{"embeddable":true,"href":"https:\/\/linitiative.ca\/International\/wp-json\/wp\/v2\/users\/1775"}],"replies":[{"embeddable":true,"href":"https:\/\/linitiative.ca\/International\/wp-json\/wp\/v2\/comments?post=66667"}],"version-history":[{"count":0,"href":"https:\/\/linitiative.ca\/International\/wp-json\/wp\/v2\/posts\/66667\/revisions"}],"wp:attachment":[{"href":"https:\/\/linitiative.ca\/International\/wp-json\/wp\/v2\/media?parent=66667"}],"wp:term":[{"taxonomy":"category","embeddable":true,"href":"https:\/\/linitiative.ca\/International\/wp-json\/wp\/v2\/categories?post=66667"},{"taxonomy":"post_tag","embeddable":true,"href":"https:\/\/linitiative.ca\/International\/wp-json\/wp\/v2\/tags?post=66667"}],"curies":[{"name":"wp","href":"https:\/\/api.w.org\/{rel}","templated":true}]}}