{"id":66669,"date":"2019-11-06T13:00:15","date_gmt":"2019-11-06T18:00:15","guid":{"rendered":"https:\/\/linitiative.ca\/International\/bechar-cocota-remporte-le-1er-prix-des-cinquiemes-journees-nationales-du-court-metrage\/"},"modified":"2019-11-06T13:00:15","modified_gmt":"2019-11-06T18:00:15","slug":"bechar-cocota-remporte-le-1er-prix-des-cinquiemes-journees-nationales-du-court-metrage","status":"publish","type":"post","link":"https:\/\/linitiative.ca\/International\/bechar-cocota-remporte-le-1er-prix-des-cinquiemes-journees-nationales-du-court-metrage\/","title":{"rendered":"Bechar : \u00ab\u00a0Cocota\u00a0\u00bb remporte le 1er prix des cinqui\u00e8mes journ\u00e9es nationales du court-m\u00e9trage"},"content":{"rendered":"<div readability=\"37\">\n<p><strong>BECHAR- Le court-m\u00e9trage \u00ab\u00a0Cocota\u00a0\u00bb, du jeune r\u00e9alisateur Khaled Bounab (Alger), a remport\u00e9 le premier prix des cinqui\u00e8mes journ\u00e9es nationales du court-m\u00e9trage de Bechar (JNCMB), cl\u00f4tur\u00e9es mardi tard dans la soir\u00e9e.<\/strong><\/p>\n<\/div>\n<div readability=\"75\">\n<p>\u00ab\u00a0Amertume\u00a0\u00bb de Mourad Khan (Alger) a remport\u00e9, pour sa part, le deuxi\u00e8me prix de cette manifestation, tandis que le troisi\u00e8me prix est revenu au court-m\u00e9trage \u00ab\u00a0Stay\u00a0\u00bb de Boukaf mohamed Tahar (Annaba).<\/p>\n<p>Lors de la c\u00e9r\u00e9monie de remise des prix de ces JNCMB, qui se sont d\u00e9roul\u00e9es pendant trois jours \u00e0 la maison de la Culture \u00ab\u00a0Kadi Mohamed\u00a0\u00bb, le pr\u00e9sident du jury, le cin\u00e9aste Larbi Lakehal, a rappel\u00e9 que 15 \u0153uvres de jeunes cin\u00e9astes de plusieurs wilayas du pays ont \u00e9t\u00e9 projet\u00e9es \u00e0 cette occasion, d\u00e9montrant le talent et les insuffisances de certains.<\/p>\n<p>\u00ab\u00a0Cependant, ceci n\u2019entache pas la volont\u00e9 et les efforts d\u00e9ploy\u00e9s par les jeunes cin\u00e9astes de r\u00e9aliser leur produit, parfois dans des conditions tr\u00e8s difficiles\u00a0\u00bb, a-t-il soulign\u00e9.<\/p>\n<p>Le jury a recommand\u00e9 aux jeunes cin\u00e9astes de s\u2019\u00e9loigner des visions n\u00e9gatives qui dominent dans la plupart des \u0153uvres en comp\u00e9tition, l\u2019utilisation des musiques d\u2019autres compositeurs au lieu et place de musiques in\u00e9dites, de m\u00eame qu\u2019il a relev\u00e9 des insuffisances techniques en mati\u00e8re de montage cin\u00e9matographique et la domination de la forme au d\u00e9triment du contenu dans certains courts-m\u00e9trages projet\u00e9s.<\/p>\n<p>Les membres du jury de cette rencontre nationale ont \u00e9galement recommand\u00e9 aux participants de promouvoir le cin\u00e9ma par la culture de l\u2019espoir et des valeurs humaines, \u00e0 travers le choix de scenarios traitant des valeurs humaines de solidarit\u00e9 et de l\u2019amour des autres.<\/p>\n<p>Ils ont aussi appel\u00e9 \u00e0 la cr\u00e9ation d\u2019un festival national d\u00e9di\u00e9 \u00e0 ce type de productions cin\u00e9matographiques dans le but de promouvoir les jeunes cin\u00e9astes et le cin\u00e9ma national en g\u00e9n\u00e9ral.<\/p>\n<p>Cet \u00e9v\u00e9nement artistique et culturel a \u00e9t\u00e9 organis\u00e9 par la maison de la Culture de Bechar et a \u00e9t\u00e9 marqu\u00e9 par l\u2019animation par des professionnels d\u2019ateliers de formation au profit des participants dans le domaine des techniques du cadrage et de composition, de l\u2019\u00e9criture du sc\u00e9nario et du langage cin\u00e9matographique.<\/p>\n<\/div>\n<p>Auteur:<br \/>\n<a href=\"http:\/\/www.aps.dz\/culture\/97000-bechar-cocota-remporte-le-1er-prix-des-cinquiemes-journees-nationales-du-court-metrage\">Cliquez ici pour lire l&rsquo;article depuis sa source.<\/a><\/p>\n","protected":false},"excerpt":{"rendered":"<p>BECHAR- Le court-m\u00e9trage \u00ab\u00a0Cocota\u00a0\u00bb, du jeune r\u00e9alisateur Khaled Bounab (Alger), a remport\u00e9 le premier prix des cinqui\u00e8mes journ\u00e9es nationales du court-m\u00e9trage de Bechar (JNCMB), cl\u00f4tur\u00e9es mardi tard dans la soir\u00e9e. \u00ab\u00a0Amertume\u00a0\u00bb de Mourad Khan (Alger) a remport\u00e9, pour sa part, le deuxi\u00e8me prix de cette manifestation, tandis que le troisi\u00e8me prix est revenu au court-m\u00e9trage [&hellip;]<\/p>\n","protected":false},"author":1790,"featured_media":0,"comment_status":"closed","ping_status":"closed","sticky":false,"template":"","format":"standard","meta":{"fifu_image_url":"","fifu_image_alt":"","footnotes":""},"categories":[53,79],"tags":[],"class_list":["post-66669","post","type-post","status-publish","format-standard","hentry","category-algerie","category-culture"],"_links":{"self":[{"href":"https:\/\/linitiative.ca\/International\/wp-json\/wp\/v2\/posts\/66669","targetHints":{"allow":["GET"]}}],"collection":[{"href":"https:\/\/linitiative.ca\/International\/wp-json\/wp\/v2\/posts"}],"about":[{"href":"https:\/\/linitiative.ca\/International\/wp-json\/wp\/v2\/types\/post"}],"author":[{"embeddable":true,"href":"https:\/\/linitiative.ca\/International\/wp-json\/wp\/v2\/users\/1790"}],"replies":[{"embeddable":true,"href":"https:\/\/linitiative.ca\/International\/wp-json\/wp\/v2\/comments?post=66669"}],"version-history":[{"count":0,"href":"https:\/\/linitiative.ca\/International\/wp-json\/wp\/v2\/posts\/66669\/revisions"}],"wp:attachment":[{"href":"https:\/\/linitiative.ca\/International\/wp-json\/wp\/v2\/media?parent=66669"}],"wp:term":[{"taxonomy":"category","embeddable":true,"href":"https:\/\/linitiative.ca\/International\/wp-json\/wp\/v2\/categories?post=66669"},{"taxonomy":"post_tag","embeddable":true,"href":"https:\/\/linitiative.ca\/International\/wp-json\/wp\/v2\/tags?post=66669"}],"curies":[{"name":"wp","href":"https:\/\/api.w.org\/{rel}","templated":true}]}}