{"id":66670,"date":"2019-11-06T13:00:19","date_gmt":"2019-11-06T18:00:19","guid":{"rendered":"https:\/\/linitiative.ca\/International\/sila-24-les-ecrits-de-la-nouvelle-generation-interessants-mais-peu-consultes\/"},"modified":"2019-11-06T13:00:19","modified_gmt":"2019-11-06T18:00:19","slug":"sila-24-les-ecrits-de-la-nouvelle-generation-interessants-mais-peu-consultes","status":"publish","type":"post","link":"https:\/\/linitiative.ca\/International\/sila-24-les-ecrits-de-la-nouvelle-generation-interessants-mais-peu-consultes\/","title":{"rendered":"SILA 24 : les \u00e9crits de la nouvelle g\u00e9n\u00e9ration, int\u00e9ressants, mais peu consult\u00e9s"},"content":{"rendered":"<div readability=\"36\">\n<p><strong>ALGER- L&rsquo;acad\u00e9micien et \u00e9crivain-critique, Makhlouf Ameur a affirm\u00e9, mardi \u00e0 Alger, que les \u00e9crits de la nouvelle g\u00e9n\u00e9ration sont \u00ab\u00a0int\u00e9ressants\u00a0\u00bb mais \u00ab\u00a0ne font pas l&rsquo;objet de critiques\u00a0\u00bb.<\/strong><\/p>\n<\/div>\n<div readability=\"70.7680548234\">\n<p>Intervenant lors d&rsquo;une rencontre organis\u00e9e en marge du Salon international du Livre d&rsquo;Alger SILA 24, M. Ameur a estim\u00e9 que ces jeunes auteurs (g\u00e9n\u00e9ration des ann\u00e9es 90) \u00ab\u00a0n&rsquo;ont pas appris l&rsquo;\u00e9criture litt\u00e9raire \u00e0 partir d&rsquo;un syst\u00e8me \u00e9ducatif officiel\u00a0\u00bb, mais donnent libre cours \u00e0 leurs plumes \u00ab\u00a0en comptant sur l&rsquo;auto-motivation et en fomentant leur imagination\u00a0\u00bb.<\/p>\n<p>Menant une \u00e9tude sur quelque 60 \u00e9crits de 51 auteurs qui continuent \u00e0 \u00eatre dans l&rsquo;ombre, l&rsquo;\u00e9crivain a pr\u00e9cis\u00e9 que la nouvelle production litt\u00e9raire \u00ab\u00a0n&rsquo;a pas connu une s\u00e9rieuse vague de critiques\u00a0\u00bb, du fait de la pr\u00e9dilection de la majorit\u00e9 des \u00e9crivains-critiques, en qu\u00eate de la facilit\u00e9, pour les auteurs connus, sachant que le v\u00e9ritable plaisir r\u00e9side dans la d\u00e9couverte de l&rsquo;incognito.<\/p>\n<p>L&rsquo;auteur de \u00ab\u00a0le roman alg\u00e9rien \u00e0 l&rsquo;aube du mill\u00e9naire\u00a0\u00bb a fait savoir que la g\u00e9n\u00e9ration des auteurs d&rsquo;aujourd&rsquo;hui s&rsquo;int\u00e9ressent plut\u00f4t \u00e0 des questions aussi bien r\u00e9alistes que philosophiques suivant de nouvelles techniques, ils ont tourn\u00e9 le dos aux \u00e9crits traditionnels inspir\u00e9s de la R\u00e9volution. Un genre qui a caract\u00e9ris\u00e9 les ann\u00e9es 70.<\/p>\n<hr\/>\n<p>Lire aussi :<a href=\"http:\/\/www.aps.dz\/culture\/96956-sila-2019-lecteur-cherche-livre-sportif-desesperement\">SILA-2019 : lecteur cherche livre sportif d\u00e9sesp\u00e9r\u00e9ment<\/a><\/p>\n<hr\/>\n<p>Plus explicite, M. Ameur a \u00e9num\u00e9r\u00e9 plusieurs raisons derri\u00e8re \u00ab\u00a0le d\u00e9sint\u00e9ressement\u00a0\u00bb des jeunes auteurs envers la Guerre, citant notamment, le temps \u00e9coul\u00e9 depuis l&rsquo;\u00e8re coloniale, la forte influence de la d\u00e9cennie noire et le d\u00e9sint\u00e9r\u00eat affich\u00e9 face au discours politique officiel qui n&rsquo;a plus cette force de conviction aujourd&rsquo;hui.<\/p>\n<p>Sont intervenus \u00e9galement \u00e0 cette rencontre des acad\u00e9miciens et des \u00e9crivains-critiques alg\u00e9riens et marocains qui ont \u00e9voqu\u00e9 le lien entre le roman, la critique et la notion du temps.<\/p>\n<p>Au programme du SILA 24, dont les festivit\u00e9s se poursuivront jusqu&rsquo;au 9 novembre courant, plusieurs rencontres sur les auteurs et l&rsquo;activit\u00e9 \u00e9ditoriale.<\/p>\n<\/div>\n<p>Auteur:<br \/>\n<a href=\"http:\/\/www.aps.dz\/culture\/97006-sila-24-les-ecrits-de-la-nouvelle-generation-interessants-mais-peu-consultes\">Cliquez ici pour lire l&rsquo;article depuis sa source.<\/a><\/p>\n","protected":false},"excerpt":{"rendered":"<p>ALGER- L&rsquo;acad\u00e9micien et \u00e9crivain-critique, Makhlouf Ameur a affirm\u00e9, mardi \u00e0 Alger, que les \u00e9crits de la nouvelle g\u00e9n\u00e9ration sont \u00ab\u00a0int\u00e9ressants\u00a0\u00bb mais \u00ab\u00a0ne font pas l&rsquo;objet de critiques\u00a0\u00bb. Intervenant lors d&rsquo;une rencontre organis\u00e9e en marge du Salon international du Livre d&rsquo;Alger SILA 24, M. Ameur a estim\u00e9 que ces jeunes auteurs (g\u00e9n\u00e9ration des ann\u00e9es 90) \u00ab\u00a0n&rsquo;ont [&hellip;]<\/p>\n","protected":false},"author":1790,"featured_media":0,"comment_status":"closed","ping_status":"closed","sticky":false,"template":"","format":"standard","meta":{"fifu_image_url":"","fifu_image_alt":"","footnotes":""},"categories":[53,79],"tags":[],"class_list":["post-66670","post","type-post","status-publish","format-standard","hentry","category-algerie","category-culture"],"_links":{"self":[{"href":"https:\/\/linitiative.ca\/International\/wp-json\/wp\/v2\/posts\/66670","targetHints":{"allow":["GET"]}}],"collection":[{"href":"https:\/\/linitiative.ca\/International\/wp-json\/wp\/v2\/posts"}],"about":[{"href":"https:\/\/linitiative.ca\/International\/wp-json\/wp\/v2\/types\/post"}],"author":[{"embeddable":true,"href":"https:\/\/linitiative.ca\/International\/wp-json\/wp\/v2\/users\/1790"}],"replies":[{"embeddable":true,"href":"https:\/\/linitiative.ca\/International\/wp-json\/wp\/v2\/comments?post=66670"}],"version-history":[{"count":0,"href":"https:\/\/linitiative.ca\/International\/wp-json\/wp\/v2\/posts\/66670\/revisions"}],"wp:attachment":[{"href":"https:\/\/linitiative.ca\/International\/wp-json\/wp\/v2\/media?parent=66670"}],"wp:term":[{"taxonomy":"category","embeddable":true,"href":"https:\/\/linitiative.ca\/International\/wp-json\/wp\/v2\/categories?post=66670"},{"taxonomy":"post_tag","embeddable":true,"href":"https:\/\/linitiative.ca\/International\/wp-json\/wp\/v2\/tags?post=66670"}],"curies":[{"name":"wp","href":"https:\/\/api.w.org\/{rel}","templated":true}]}}