{"id":66671,"date":"2019-11-06T13:00:25","date_gmt":"2019-11-06T18:00:25","guid":{"rendered":"https:\/\/linitiative.ca\/International\/24e-sila-lencyclopedie-algerienne-un-nouvel-ouvrage-sur-lhistoire-la-culture-et-ses-artisans\/"},"modified":"2019-11-06T13:00:25","modified_gmt":"2019-11-06T18:00:25","slug":"24e-sila-lencyclopedie-algerienne-un-nouvel-ouvrage-sur-lhistoire-la-culture-et-ses-artisans","status":"publish","type":"post","link":"https:\/\/linitiative.ca\/International\/24e-sila-lencyclopedie-algerienne-un-nouvel-ouvrage-sur-lhistoire-la-culture-et-ses-artisans\/","title":{"rendered":"24\u00e8 Sila: \u00ab\u00a0l\u2019Encyclop\u00e9die alg\u00e9rienne\u00a0\u00bb, un nouvel ouvrage sur l&rsquo;histoire, la culture et ses artisans\u00a0\u00a0"},"content":{"rendered":"<div readability=\"39\">\n<p><strong>ALGER- \u00ab\u00a0L\u2019Encyclop\u00e9die alg\u00e9rienne\u00a0\u00bb, un ouvrage paru \u00e0 \u00ab\u00a0Kalma communication\u00a0\u00bb en trois volumes consacr\u00e9s \u00e0 l\u2019histoire et \u00e0 la culture mill\u00e9naires de l\u2019Alg\u00e9rie, \u00e0 travers son patrimoine, ses coutumes\u00a0ainsi que ses \u00e9lites et figures embl\u00e9matiques, a \u00e9t\u00e9 publi\u00e9 \u00e0 l&rsquo;occasion du 24\u00e8 Salon du livre.\u00a0\u00a0<\/strong><\/p>\n<\/div>\n<div readability=\"132\">\n<p>L&rsquo;ouvrage de 630 pages, pr\u00e9sent\u00e9 sous forme de coffret et publi\u00e9 \u00e9galement en France chez le m\u00eame \u00e9diteur, est un condens\u00e9 qui couvre plusieurs milliers d&rsquo;ann\u00e9es d&rsquo;histoire culturelle, religieuse et politique de l&rsquo;Alg\u00e9rie.<\/p>\n<p>Le premier tome de l\u2019encyclop\u00e9die est d\u00e9di\u00e9 aux grandes escales qui ont marqu\u00e9 l&rsquo;histoire depuis l&rsquo;antiquit\u00e9 \u00e0 nos jours, \u00e0 travers une chronologie illustrant des moments marquants allant de l\u2019\u00e9poque de l&rsquo;Alg\u00e9rie numide et ses rois berb\u00e8res, jusqu\u2019\u00e0 l\u2019av\u00e8nement de l\u2019islam au VIIe si\u00e8cle.<\/p>\n<p>Suivant un ordre chronologique des \u00e9v\u00e9nements, ce volume restitue la m\u00e9moire collective \u00e0 travers des faits saillants, depuis l\u2019occupation espagnole des c\u00f4tes alg\u00e9riennes, jusqu&rsquo;au d\u00e9barquement des troupes fran\u00e7aises \u00e0 Sidi Fredj en 1830.<\/p>\n<p>Si l&rsquo;encyclop\u00e9die survole\u00a0 les trois si\u00e8cles (1518-1830) de la pr\u00e9sence ottomane en Alg\u00e9rie, elle s&rsquo;attarde cependant sur l&rsquo;occupation fran\u00e7aise (1830-1262).<\/p>\n<p>De la r\u00e9sistance de\u00a0 l&rsquo;\u00e9mir Abdelkader \u00e0 partir de 1832, aux r\u00e9voltes populaires notamment celles de Bouamama, El Mokrani et Cheik El Haddad \u00e0 la fin du XIXe si\u00e8cle jusqu\u2019au d\u00e9clenchement de la Guerre de lib\u00e9ration de 1954 couronn\u00e9e par l&rsquo;ind\u00e9pendance en 1962, l&rsquo;ouvrage s\u2019arr\u00eate sur les\u00a0grands moments qui ont jalonn\u00e9 de l\u2019histoire de l\u2019Alg\u00e9rie sous occupation fran\u00e7aise.<\/p>\n<p>Les auteurs de l&rsquo;ouvrage n&rsquo;omettent pas de recenser des \u00e9pisodes tragiques dans l&rsquo;histoire de la colonisation fran\u00e7aise, comme les enfumades de populations, les r\u00e9pressions sanglantes, les massacres de masse et la torture pratiqu\u00e9e contre les Alg\u00e9riens.\u00a0\u00a0<\/p>\n<p>Un dossier sur l\u2019artisanat et le patrimoine national, pr\u00e9sent\u00e9 \u00e0 travers des \u00e9difices culturels, historiques et religieux \u00ab\u00a0prestigieux\u00a0\u00bb, h\u00e9rit\u00e9es de diff\u00e9rentes \u00e9poques historiques, fait partie de ce volume de 204 pages, qui consacre un chapitre aux personnalit\u00e9s sportives alg\u00e9riennes parmi les plus\u00a0distingu\u00e9es au monde.<\/p>\n<p>Le deuxi\u00e8me tome est consacr\u00e9 \u00e0 la culture alg\u00e9rienne, d\u00e9clin\u00e9e dans toute sa richesse et sa diversit\u00e9. Ce volume renferme une galerie de portraits d&rsquo;\u00e9crivains, de figures de th\u00e9\u00e2tre et de cin\u00e9ma, et de penseurs disparus ou encore vivants.<\/p>\n<p>L\u2019encyclop\u00e9die fait la part belle \u00e0 la musique et \u00e0 la po\u00e9sie \u00e0 travers les grandes figures, entre musiciens, interpr\u00e8tes, compositeurs et po\u00e8tes qui ont marqu\u00e9 la sc\u00e8ne culturelle et musicale en Alg\u00e9rie et \u00e0 l\u2019\u00e9tranger.<\/p>\n<p>La derni\u00e8re partie du troisi\u00e8me tome est r\u00e9serv\u00e9e \u00e0 un expos\u00e9 d\u00e9taill\u00e9, illustr\u00e9 de photos, sur la liesse populaire durant les jours qui ont suivi la proclamation de l&rsquo;ind\u00e9pendance en 1962, parmi les moments forts de l\u2019histoire contemporaine de l\u2019Alg\u00e9rie.\u00a0<\/p>\n<p>Sur le volet politique, ce dernier volume revient dans le d\u00e9tail, sur les escales importantes de l\u2019histoire contemporaine de l&rsquo;Alg\u00e9rie: crise de l&rsquo;\u00e9t\u00e9 1962 et ses luttes de clans composant le Front de libration nationale (FLN) au lendemain de l\u2019ind\u00e9pendance, la p\u00e9riode de Houari Boumediene, les ann\u00e9es Chadli, Octobre 1988, le retour de Mohamed Boudiaf et le terrorisme dans les ann\u00e9es 1990, jusqu\u2019\u00e0 l\u2019\u00e9lection d\u2019Abdelaziz Bouteflika en 1999 et sa d\u00e9mission sous la pression populaire.\u00a0\u00a0<\/p>\n<p>Ce tome pr\u00e9sente aussi un bref aper\u00e7u sur des figures historiques et personnalit\u00e9s nationales, parmi les plus illustres, comme\u00a0 Mohamed Boudiaf, Abane Ramdane, Mustapha Ben Boulaid, Hassiba Ben Bouali ou encore des militants alg\u00e9riens d&rsquo;origine europ\u00e9enne, \u00e0 l&rsquo;image de Henri Maillot et\u00a0Fernand Iveton.<\/p>\n<p>L&rsquo;Encyclop\u00e9die alg\u00e9rienne est le fruit d&rsquo;un travail collectif men\u00e9 par une dizaine de chercheurs, sous la direction du chercheur Rachid Benyoub et le journaliste Abdelhakim Belbati.<\/p>\n<p>Pr\u00e8s d&rsquo;un millier d&rsquo;\u00e9diteurs pr\u00e9sentant quelques 183.000 titres prennent part 24e Salon international du livre d&rsquo;Alger (Sila) qui se poursuit jusqu&rsquo;au 9 novembre au Palais des expositions des Pins-maritimes.<\/p>\n<\/div>\n<p>Auteur:<br \/>\n<a href=\"http:\/\/www.aps.dz\/culture\/97044-24e-sila-l-encyclopedie-algerienne-un-nouvel-ouvrage-sur-l-histoire-la-culture-et-ses-artisans\">Cliquez ici pour lire l&rsquo;article depuis sa source.<\/a><\/p>\n","protected":false},"excerpt":{"rendered":"<p>ALGER- \u00ab\u00a0L\u2019Encyclop\u00e9die alg\u00e9rienne\u00a0\u00bb, un ouvrage paru \u00e0 \u00ab\u00a0Kalma communication\u00a0\u00bb en trois volumes consacr\u00e9s \u00e0 l\u2019histoire et \u00e0 la culture mill\u00e9naires de l\u2019Alg\u00e9rie, \u00e0 travers son patrimoine, ses coutumes\u00a0ainsi que ses \u00e9lites et figures embl\u00e9matiques, a \u00e9t\u00e9 publi\u00e9 \u00e0 l&rsquo;occasion du 24\u00e8 Salon du livre.\u00a0\u00a0 L&rsquo;ouvrage de 630 pages, pr\u00e9sent\u00e9 sous forme de coffret et publi\u00e9 [&hellip;]<\/p>\n","protected":false},"author":1790,"featured_media":0,"comment_status":"closed","ping_status":"closed","sticky":false,"template":"","format":"standard","meta":{"fifu_image_url":"","fifu_image_alt":"","footnotes":""},"categories":[53,79],"tags":[],"class_list":["post-66671","post","type-post","status-publish","format-standard","hentry","category-algerie","category-culture"],"_links":{"self":[{"href":"https:\/\/linitiative.ca\/International\/wp-json\/wp\/v2\/posts\/66671","targetHints":{"allow":["GET"]}}],"collection":[{"href":"https:\/\/linitiative.ca\/International\/wp-json\/wp\/v2\/posts"}],"about":[{"href":"https:\/\/linitiative.ca\/International\/wp-json\/wp\/v2\/types\/post"}],"author":[{"embeddable":true,"href":"https:\/\/linitiative.ca\/International\/wp-json\/wp\/v2\/users\/1790"}],"replies":[{"embeddable":true,"href":"https:\/\/linitiative.ca\/International\/wp-json\/wp\/v2\/comments?post=66671"}],"version-history":[{"count":0,"href":"https:\/\/linitiative.ca\/International\/wp-json\/wp\/v2\/posts\/66671\/revisions"}],"wp:attachment":[{"href":"https:\/\/linitiative.ca\/International\/wp-json\/wp\/v2\/media?parent=66671"}],"wp:term":[{"taxonomy":"category","embeddable":true,"href":"https:\/\/linitiative.ca\/International\/wp-json\/wp\/v2\/categories?post=66671"},{"taxonomy":"post_tag","embeddable":true,"href":"https:\/\/linitiative.ca\/International\/wp-json\/wp\/v2\/tags?post=66671"}],"curies":[{"name":"wp","href":"https:\/\/api.w.org\/{rel}","templated":true}]}}