{"id":66678,"date":"2019-11-05T14:53:07","date_gmt":"2019-11-05T19:53:07","guid":{"rendered":"https:\/\/linitiative.ca\/International\/atelier-sur-linstance-consultative-dediee-aux-jeunes\/"},"modified":"2019-11-05T14:53:07","modified_gmt":"2019-11-05T19:53:07","slug":"atelier-sur-linstance-consultative-dediee-aux-jeunes","status":"publish","type":"post","link":"https:\/\/linitiative.ca\/International\/atelier-sur-linstance-consultative-dediee-aux-jeunes\/","title":{"rendered":"Atelier sur l\u2019Instance consultative d\u00e9di\u00e9e aux jeunes"},"content":{"rendered":"<div readability=\"36\">\n<p>Marrakech \u2013 La Maison de l\u2019Elu relevant du Conseil de la r\u00e9gion Marrakech-Safi a accueilli mardi, un atelier pour le lancement de l\u2019accompagnement de la mise en \u0153uvre de l\u2019Instance consultative charg\u00e9e de l\u2019\u00e9tude des questions relatives aux centres d\u2019int\u00e9r\u00eats des jeunes de la r\u00e9gion.<\/p>\n<\/div>\n<div readability=\"135\">\n<p>Organis\u00e9e par le Conseil de la r\u00e9gion Marrakech-Safi, la Direction g\u00e9n\u00e9rale des collectivit\u00e9s locales (DGCL) relevant du minist\u00e8re de l\u2019Int\u00e9rieur, l\u2019Agence catalane de coop\u00e9ration et de d\u00e9veloppement (ACCD) et le Programme des Nations-Unies pour le d\u00e9veloppement (PNUD), cette rencontre s\u2019inscrit dans le cadre de la mise en \u0153uvre des missions et des attributions de l\u2019Instance consultative relative aux politiques publiques r\u00e9gionales int\u00e9gr\u00e9es des jeunes.<\/p>\n<p>Intervenant \u00e0 cette occasion, le pr\u00e9sident du Conseil r\u00e9gional de Marrakech-Safi, Ahmed Akhchichen, a soulign\u00e9 que la cr\u00e9ation des instances consultatives vise \u00e0 associer les acteurs associatifs dans l\u2019\u00e9laboration, la mise en \u0153uvre et l\u2019\u00e9valuation des politiques publiques comme le stipule la constitution.<\/p>\n<p>Dans ce sens, il a not\u00e9 que la loi r\u00e9glementaire relative aux r\u00e9gions appelle \u00e0 la cr\u00e9ation de trois instances consultatives relatives au d\u00e9veloppement \u00e9conomique, l\u2019\u00e9galit\u00e9 et l\u2019approche genre ainsi que l\u2019instance consultative relative aux politiques publiques r\u00e9gionales int\u00e9gr\u00e9es des jeunes.<\/p>\n<p>M.Akhchichen a relev\u00e9 dans ce cadre que la constitution de 2011 a renforc\u00e9 le cadre l\u00e9gislatif qui garantit la participation des jeunes dans la vie publique \u00e0 travers la cr\u00e9ation du Conseil consultatif de la jeunesse et de l\u2019action associative, faisant savoir que la vision de la r\u00e9gion Marrakech-Safi concernant les questions de la jeunesse est fond\u00e9e sur quatre axes \u00e0 savoir l\u2019\u00e9ducation et la formation, les politiques d\u2019emploi, les politiques sanitaires et la lutte contre les fl\u00e9aux sociaux et la politique de l\u2019int\u00e9gration sociale.<\/p>\n<p>Cette vision ambitionne de doter les jeunes de comp\u00e9tences n\u00e9cessaires de sorte \u00e0 r\u00e9ussir leur transition vers l\u2019\u00e2ge de la majorit\u00e9 \u00e0 travers un enseignement de qualit\u00e9, un emploi d\u00e9cent, des services sanitaires de base et la participation agissante dans la vie politique, sociale et culturelle, a-t-il ajout\u00e9.<\/p>\n<p>Le Wali de la r\u00e9gion Marrakech-Safi, Karim Kassi-Lahlou, a relev\u00e9 pour sa part, que cette instance repr\u00e9sente un m\u00e9canisme efficient pour l\u2019association des citoyens et la soci\u00e9t\u00e9 civile pour pr\u00e9senter des recommandations et propositions relatives au d\u00e9veloppement dans les diff\u00e9rentes communes territoriales.<\/p>\n<p>Ces instances constituent aussi des m\u00e9canismes de concertation et de dialogue \u00e0 m\u00eame de faciliter la participation des citoyens et des associations dans l\u2019\u00e9laboration de programmes de la r\u00e9gion et leur suivi, a-t-il ajout\u00e9, soulignant que l\u2019atteinte des objectifs fix\u00e9s par les m\u00e9canismes participatifs pour ces instances consultatives reste tributaire de la continuit\u00e9 des actions et du travail.<\/p>\n<p>M.Kassi-Lahlou a appel\u00e9 \u00e0 lancer une s\u00e9rie de sessions de formation parall\u00e8les qui seront encadr\u00e9es par des experts des Nations-Unies, de l\u2019ACCD, de la DGCL et les autres partenaires nationaux et internationaux afin d\u2019aider ces instances \u00e0 \u00e9laborer des plans d\u2019action.<\/p>\n<p>Le repr\u00e9sentant r\u00e9sident du PNUD au Maroc, Edouard Christow, a de son c\u00f4t\u00e9, fait remarquer que les jeunes, \u00e0 travers le monde, demandent aujourd\u2019hui plus que jamais d\u2019\u00eatre des acteurs actifs dans les processus de d\u00e9veloppement et revendiquent sans cesse de prendre part aux d\u00e9cisions.<\/p>\n<p>L\u2019organisation des Nations Unies en g\u00e9n\u00e9ral et le PNUD en particulier croient pleinement en la capacit\u00e9 de la jeunesse d\u2019\u00eatre un acteur d\u00e9cisif et une force motrice pour le soutien du d\u00e9veloppent humain durable, a-t-il insist\u00e9.<\/p>\n<p>Par ailleurs, il a soulign\u00e9 que le Secr\u00e9taire g\u00e9n\u00e9ral des Nations Unies a \u00e9galement annonc\u00e9 le lancement de la strat\u00e9gie Jeunesse 2030 qui vise \u00e0 donner des outils aux 1,8 milliard de jeunes pour relever les d\u00e9fis de la mondialisation, laquelle strat\u00e9gie est ax\u00e9e sur cinq axes prioritaires \u00e0 savoir la participation et l\u2019implication des jeunes, l\u2019\u00e9ducation et les services de sant\u00e9, la formation et l\u2019emploi, les droits en mati\u00e8re d\u2019engagement politique et civique et les jeunes en situation de conflit et de crises humanitaires.<\/p>\n<p>Dans cet esprit, le PNUD-Maroc, en s\u2019alignant sur les strat\u00e9gies et politiques nationales promouvant l\u2019implication des jeunes, veille inlassablement \u00e0 favoriser la participation effective des jeunes de toutes les sph\u00e8res de la soci\u00e9t\u00e9, y compris les plus marginalis\u00e9s et les plus vuln\u00e9rables, a-t-il ajout\u00e9, assurant le conseil de la r\u00e9gion de l\u2019appui du PNUD-Maroc \u00e0 ce projet ambitieux.<\/p>\n<p>Au menu de cette rencontre des pr\u00e9sentations sous le th\u00e8me \u00ab\u00a0la question de la jeunesse au Maroc et la place des jeunes dans le processus de la r\u00e9gionalisation avanc\u00e9e\u00a0\u00bb, \u00ab\u00a0la pr\u00e9sentation de la strat\u00e9gie de la r\u00e9gion dans l\u2019accompagnement des jeunes\u00a0\u00bb et \u00ab\u00a0le processus d\u2019ex\u00e9cution de l\u2019accompagnement, approche d\u2019intervention et m\u00e9thodologie de travail\u00a0\u00bb.<\/p>\n<\/div>\n<p>Auteur: Meriem IGASS<br \/>\n<a href=\"http:\/\/www.mapmarrakech.ma\/fr\/jeunes\/\">Cliquez ici pour lire l&rsquo;article depuis sa source.<\/a><\/p>\n","protected":false},"excerpt":{"rendered":"<p>Marrakech \u2013 La Maison de l\u2019Elu relevant du Conseil de la r\u00e9gion Marrakech-Safi a accueilli mardi, un atelier pour le lancement de l\u2019accompagnement de la mise en \u0153uvre de l\u2019Instance consultative charg\u00e9e de l\u2019\u00e9tude des questions relatives aux centres d\u2019int\u00e9r\u00eats des jeunes de la r\u00e9gion. Organis\u00e9e par le Conseil de la r\u00e9gion Marrakech-Safi, la Direction [&hellip;]<\/p>\n","protected":false},"author":1788,"featured_media":0,"comment_status":"closed","ping_status":"closed","sticky":false,"template":"","format":"standard","meta":{"fifu_image_url":"","fifu_image_alt":"","footnotes":""},"categories":[54,76],"tags":[],"class_list":["post-66678","post","type-post","status-publish","format-standard","hentry","category-maroc","category-regions"],"_links":{"self":[{"href":"https:\/\/linitiative.ca\/International\/wp-json\/wp\/v2\/posts\/66678","targetHints":{"allow":["GET"]}}],"collection":[{"href":"https:\/\/linitiative.ca\/International\/wp-json\/wp\/v2\/posts"}],"about":[{"href":"https:\/\/linitiative.ca\/International\/wp-json\/wp\/v2\/types\/post"}],"author":[{"embeddable":true,"href":"https:\/\/linitiative.ca\/International\/wp-json\/wp\/v2\/users\/1788"}],"replies":[{"embeddable":true,"href":"https:\/\/linitiative.ca\/International\/wp-json\/wp\/v2\/comments?post=66678"}],"version-history":[{"count":0,"href":"https:\/\/linitiative.ca\/International\/wp-json\/wp\/v2\/posts\/66678\/revisions"}],"wp:attachment":[{"href":"https:\/\/linitiative.ca\/International\/wp-json\/wp\/v2\/media?parent=66678"}],"wp:term":[{"taxonomy":"category","embeddable":true,"href":"https:\/\/linitiative.ca\/International\/wp-json\/wp\/v2\/categories?post=66678"},{"taxonomy":"post_tag","embeddable":true,"href":"https:\/\/linitiative.ca\/International\/wp-json\/wp\/v2\/tags?post=66678"}],"curies":[{"name":"wp","href":"https:\/\/api.w.org\/{rel}","templated":true}]}}