{"id":66680,"date":"2019-11-06T11:02:14","date_gmt":"2019-11-06T16:02:14","guid":{"rendered":"https:\/\/linitiative.ca\/International\/essaouira-cette-messagere-du-vivre-en-commun\/"},"modified":"2019-11-06T11:02:14","modified_gmt":"2019-11-06T16:02:14","slug":"essaouira-cette-messagere-du-vivre-en-commun","status":"publish","type":"post","link":"https:\/\/linitiative.ca\/International\/essaouira-cette-messagere-du-vivre-en-commun\/","title":{"rendered":"Essaouira, cette \u00ab\u00a0Messag\u00e8re\u00a0\u00bb du vivre en commun"},"content":{"rendered":"<div readability=\"45\">\n<p>Par : Samir Lotfy<br \/>Essaouira \u2013 Dans un monde fractur\u00e9 et en proie aux violences de tous bords, le Maroc, et \u00e0 travers lui, la cit\u00e9 d\u2019Essaouira-Mogador, a eu, encore, le grand privil\u00e8ge d\u2019abriter une 16\u00e8 \u00e9dition du Festival des Andalousies Atlantiques toute \u00ab\u00a0exceptionnelle\u00a0\u00bb, le temps de faire jalonner cette \u00ab\u00a0exception marocaine\u00a0\u00bb in\u00e9galable, en assumant, avec brio, cette mission de \u00ab\u00a0Messag\u00e8re\u00a0\u00bb incontestable de la paix et du vivre en commun \u00e0 travers le monde.<\/p>\n<\/div>\n<div readability=\"179.5\">\n<p>Justement, ce rendez-vous annuel incontournable et tant attendu a la particularit\u00e9 d\u2019illustrer toute cette singularit\u00e9 qui fait du Royaume \u00ab\u00a0cette boussole\u00a0\u00bb dont le monde a besoin actuellement. Un moment de retrouvailles unique et singulier au monde, en ce sens qu\u2019il met en terre d\u2019islam, c\u00f4te \u00e0 c\u00f4te, Musulmans et Juifs pour faire revivre concr\u00e8tement cette capillarit\u00e9 si \u00e9troite et exemplaire qui a toujours exist\u00e9 entre Islam et Juda\u00efsme au Maroc.<\/p>\n<p>Et ce n\u2019est nullement un hasard de voir cet \u00e9v\u00e9nement s\u2019inscrire, depuis son lancement par l\u2019Association Essaouira-Mogador, dans la continuit\u00e9 en s\u2019\u00e9rigeant, d\u00e8s ses premi\u00e8res \u00e9ditions, en l\u2019une des manifestations les plus prestigieuses dans le Royaume, avec un rayonnement \u00e0 l\u2019international, eu \u00e9gard \u00e0 sa pertinence et \u00e0 son importance \u00e0 la fois intellectuelle, philosophique, m\u00e9thodologique, artistique, culturelle et surtout, sa vocation de v\u00e9ritable \u00ab\u00a0fen\u00eatre\u00a0\u00bb pour puiser dans une histoire plusieurs fois mill\u00e9naire qui, \u00e0 Essaouira, n\u2019est pas uniquement conjugu\u00e9e au pass\u00e9 mais aussi au pr\u00e9sent, tout en s\u2019inscrivant r\u00e9solument dans une d\u00e9marche ouverte sur l\u2019avenir.<\/p>\n<p>Une d\u00e9marche nourrie en permanence dans cette ville \u00ab\u00a0Monde\u00a0\u00bb qui refl\u00e8te l\u2019image d\u2019un Maroc, \u00e0 la fois moderne et authentique, sous la conduite \u00e9clair\u00e9e de Sa Majest\u00e9 le Roi Mohammed VI. Un Maroc qui se veut et demeurera \u00e0 jamais une terre de rencontres, d\u2019ouverture, d\u2019\u00e9change entre cultures et religions. Bref, un terreau de coexistence et de vivre-ensemble. Autant de valeurs universelles qui forgent le socle de l\u2019identit\u00e9 marocaine et l\u2019ADN de cette cit\u00e9 atlantique qui vient de rejoindre, le 31 octobre dernier, le r\u00e9seau mondial des villes les plus cr\u00e9atives de l\u2019UNESCO gr\u00e2ce \u00e0 son effervescence musicale.<\/p>\n<p>L\u2019une des particularit\u00e9s du Festival des Andalousies Atlantiques, au-del\u00e0 de son aspect festif et artistique, est sa gen\u00e8se qui consiste \u00e0 inviter plusieurs questions d\u2019actualit\u00e9 li\u00e9es au vivre-ensemble et \u00e0 la compr\u00e9hension mutuelle, au banquet de la r\u00e9flexion et du d\u00e9bat et ce, sans \u00ab\u00a0protocole\u00a0\u00bb ni \u00ab\u00a0complexe\u00a0\u00bb, \u00e0 travers son Forum-Agora baptis\u00e9 \u00ab\u00a0L\u2019Ecole d\u2019Essaouira\u00a0\u00bb, avec comme th\u00e8me central \u00ab\u00a0l\u2019importance du lieu, l\u2019importance du lien\u00a0\u00bb.<\/p>\n<p>Il s\u2019agit, en toute certitude, d\u2019une v\u00e9ritable \u00ab\u00a0Ecole d\u2019Essaouira\u00a0\u00bb, puisque cette cit\u00e9 embl\u00e9matique a toujours accueilli et continue de recevoir \u00e0 bras ouverts, Musulmans, Juifs et Chr\u00e9tiens entre autres, dans une convivialit\u00e9 de plus en plus rarissime alors que le repli, l\u2019incompr\u00e9hension et les pr\u00e9jug\u00e9s ont tendance \u00e0 devenir \u00ab\u00a0la devise\u00a0\u00bb dans un monde fractur\u00e9 et d\u00e9chir\u00e9.<\/p>\n<p>Cet esprit de tol\u00e9rance, de paix et de communion qui forme l\u2019ADN de cette cit\u00e9 antique lui a valu un rayonnement \u00e0 l\u2019international, en tant qu\u2019espace singulier de libert\u00e9 et d\u2019humanisme, o\u00f9 l\u2019unit\u00e9 s\u2019\u00e9panouit davantage dans le pluralisme et la diversit\u00e9, faisant ainsi du Royaume une exception \u00e0 l\u2019\u00e9chelle plan\u00e9taire.<\/p>\n<p>Le dernier de ce rayonnement \u00e9tant l\u2019inscription de la ville d\u2019Essaouira, par l\u2019UNESCO, dans le r\u00e9seau mondial des villes les plus cr\u00e9atives gr\u00e2ce \u00e0 l\u2019effervescence de la Musique. Un choix, certes, judicieux et tr\u00e8s bien pens\u00e9. La musique n\u2019est-elle pas ce \u00ab\u00a0langage universel\u00a0\u00bb qui brise toutes les barri\u00e8res, et transgresse toutes les fronti\u00e8res pour \u00eatre celui de toute l\u2019humanit\u00e9 ?.<\/p>\n<p>Cette image de marque d\u2019Essaouira s\u2019est renforc\u00e9e davantage gr\u00e2ce \u00e0 une s\u00e9rie de festivals de haute facture, initi\u00e9s par l\u2019Association Essaouira-Mogador depuis une trentaine d\u2019ann\u00e9es, selon une d\u00e9marche pragmatique et profond\u00e9ment pens\u00e9e, qui consiste, pour cette cit\u00e9 paisible, \u00e0 faire de la culture et des arts son r\u00e9acteur de d\u00e9veloppement. Un choix amplement r\u00e9ussi et ce ne sont gu\u00e8re les exemples qui manquent.<\/p>\n<p>La preuve en est cette 16\u00e8 \u00e9dition des Andalousies Atlantiques qui a tenu toutes ses promesses et battu tous les records avec plusieurs milliers de festivaliers et permis, \u00e0 travers la programmation de 15 concerts d\u2019anthologie, de donner au Patrimoine Musical Jud\u00e9o-Arabe toutes ses lettres de noblesse.<\/p>\n<div readability=\"104\">\n<p>Un \u00e9v\u00e9nement \u00e9clectique et unique au monde en ce sens que c\u2019est au Maroc, au Maghreb et en terre d\u2019Islam, que des milliers de Musulmans et de Juifs ont profit\u00e9 de moments de \u00ab\u00a0retrouvailles\u00a0\u00bb pour chanter ensemble, jouer de la musique ensemble et f\u00eater dans la joie leurs histoires partag\u00e9es, leurs m\u00e9moires m\u00eal\u00e9es et leur patrimoine musical interpr\u00e9t\u00e9 souvent \u00e0 Essaouira en arabe et en h\u00e9breu.<\/p>\n<p>Si l\u2019\u00e9dition 2018 des Andalousies Atlantiques avait \u00e9t\u00e9, \u00e0 cet \u00e9gard, inoubliable, la musique et le chant ayant suscit\u00e9 autant d\u2019\u00e9motions et de larmes pour dire la joie des belles retrouvailles \u00e0 l\u2019\u00e9coute de cette musique brod\u00e9e, ce \u00ab\u00a0matrouz\u00a0\u00bb dont le Maroc a le secret et le talent enracin\u00e9s dans la profondeur et la richesse d\u2019une histoire plusieurs fois mill\u00e9naire, l\u2019\u00e9dition 2019 a \u00e9t\u00e9 celle de la cr\u00e9ativit\u00e9, de l\u2019audace et du caract\u00e8re in\u00e9dit du programme auquel ces \u00ab\u00a0Andaloussiates Souiries\u00a0\u00bb ont bien voulu convier des m\u00e9lomanes venus des quatre coins de la plan\u00e8te.<\/p>\n<p>Pr\u00e9cieuses d\u2019abord avec les femmes mises \u00e0 l\u2019honneur lors de cette nouvelle \u00e9dition, non pas par ph\u00e9nom\u00e8ne de mode ou d\u2019esth\u00e9tique, mais parce qu\u2019Essaouira a la bonne id\u00e9e de faire miroir et \u00e9cho \u00e0 ces jeunes femmes, chaque ann\u00e9e plus nombreuses \u00e0 se r\u00e9approprier les r\u00e9pertoires les plus embl\u00e9matiques de la musique andalouse, du Chgouri ou du malhoun jud\u00e9o-arabe.<\/p>\n<p>C\u2019est dans ce sens qu\u2019Essaouira a bien voulu accueillir, dans la liesse et la grande joie, \u00ab\u00a0Samia Ahmed\u00a0\u00bb qui a propos\u00e9 un voyage musical retra\u00e7ant l\u2019histoire de l\u2019Andalousie, \u00ab\u00a0Asmae Lazrak\u00a0\u00bb qui a su revisiter \u00e0 sa mani\u00e8re les \u00ab\u00a0Qsa\u00efd\u00a0\u00bb (po\u00e8mes) qui incarnent depuis la nuit des temps ce malhoun jud\u00e9o-arabe qui traverse les espaces et les g\u00e9n\u00e9rations pour \u00ab\u00a0nous dire un hier qui nous aide \u00e0 \u00e9crire au futur cette belle histoire marocaine\u00a0\u00bb.<\/p>\n<p>Et ce n\u2019est pas tout, comme l\u2019a expliqu\u00e9 \u00e0 la MAP, M. Abdesselam El Khalloufi, directeur artistique du festival, pour qui les Souiris et les illustres h\u00f4tes de la cit\u00e9 des Aliz\u00e9s ont \u00e9t\u00e9 \u00e9galement tr\u00e8s nombreux, plusieurs milliers, \u00e0 appr\u00e9cier les prestations de \u00ab\u00a0Dalila Meksoub\u00a0\u00bb qui a chant\u00e9, entre autres, \u00ab\u00a0Line Monty\u00a0\u00bb, \u00ab\u00a0Salim Halali\u00a0\u00bb, \u00ab\u00a0Samy Al Maghribi\u00a0\u00bb avec, cerise sur le g\u00e2teau et en grande premi\u00e8re, une Qsida louant le proph\u00e8te Sidna Mohamed (PSL) sur un texte du grand po\u00e8te juif, le Ma\u00e2lem Ayouch Benmouyal Souiri.<\/p>\n<p>Ont \u00e9t\u00e9, en outre, \u00e0 l\u2019affiche \u00ab\u00a0Hanae Touk\u00a0\u00bb, \u00ab\u00a0Tamar Bloch\u00a0\u00bb et \u00ab\u00a0Chaimae Imran\u00a0\u00bb afin de rendre hommage \u00e0 la grande pianiste feue \u00ab\u00a0Hajja Ghita El Oufir\u00a0\u00bb, a-t-il indiqu\u00e9, notant que cette grande Dame aura profond\u00e9ment marqu\u00e9 depuis Rabat la sc\u00e8ne maghr\u00e9bine de la musique andalouse.<\/p>\n<p>Autrement, cet incandescent hommage aux femmes, qui a donn\u00e9 le ton \u00e0 cette 16\u00e8me \u00e9dition des Andalousies Atlantiques a fait \u00e9cho \u00e0 la place faite aux jeunes cette ann\u00e9e. L\u2019objectif, a expliqu\u00e9 M. El Khalloufi, est de permettre \u00e0 un large \u00e9ventail de jeunes artistes de se r\u00e9approprier cette musique embl\u00e9matique et de leur donner l\u2019opportunit\u00e9 de briller de mille feux \u00e0 Essaouira. Un v\u00e9ritable effort de transmission de ce patrimoine que nos a\u00efeux nous ont l\u00e9gu\u00e9, a-t-il dit.<\/p>\n<p>Autre moment tr\u00e8s fort de cette nouvelle \u00e9dition: l\u2019hommage rendu au Flamenco par \u00ab\u00a0la Compania Leonor Leal\u00a0\u00bb directement venue de S\u00e9ville, le temps de retrouver sur sc\u00e8ne \u00ab\u00a0l\u2019orchestre Rawafid\u00a0\u00bb, l\u2019une des meilleures formations de musique andalouse dirig\u00e9e par Ma\u00eetre Omar Metioui.<\/p>\n<p>Last but not least, \u00ab\u00a0Raymonde Al Bidaouia\u00a0\u00bb \u00e0 laquelle Essaouira a choisi avec bonheur d\u2019identifier ses Andalousies, a, cette ann\u00e9e encore, gratifi\u00e9 le public d\u2019une rencontre singuli\u00e8re et riche de promesses avec le grand ma\u00eetre \u00ab\u00a0Benomar Ziani\u00a0\u00bb, ic\u00f4ne incontest\u00e9e et incarnation pionni\u00e8re et embl\u00e9matique de la musique jud\u00e9o-arabe au Maroc et bien au-del\u00e0.<\/p>\n<p>Cette \u00e9dition a aussi donn\u00e9 place aux couleurs \u00e0 travers des expositions: une occasion pour Malika Demnati El Mansouri de convier les festivaliers \u00e0 un accrochage \u00e0 la th\u00e9matique ad\u00e9quate \u00ab\u00a0Le vivre-ensemble\u00a0\u00bb. N\u2019est-ce pas l\u2019esprit m\u00eame d\u2019Essaouira, cit\u00e9 des saints Sidi Magdoul et Rabbi Ha\u00efm Pinto ?, s\u2019interroge-t-on en toute l\u00e9gitimit\u00e9.<\/p>\n<\/div>\n<\/div>\n<p>Auteur: Meriem IGASS<br \/>\n<a href=\"http:\/\/www.mapmarrakech.ma\/fr\/essaouira-4\/\">Cliquez ici pour lire l&rsquo;article depuis sa source.<\/a><\/p>\n","protected":false},"excerpt":{"rendered":"<p>Par : Samir LotfyEssaouira \u2013 Dans un monde fractur\u00e9 et en proie aux violences de tous bords, le Maroc, et \u00e0 travers lui, la cit\u00e9 d\u2019Essaouira-Mogador, a eu, encore, le grand privil\u00e8ge d\u2019abriter une 16\u00e8 \u00e9dition du Festival des Andalousies Atlantiques toute \u00ab\u00a0exceptionnelle\u00a0\u00bb, le temps de faire jalonner cette \u00ab\u00a0exception marocaine\u00a0\u00bb in\u00e9galable, en assumant, avec [&hellip;]<\/p>\n","protected":false},"author":1788,"featured_media":0,"comment_status":"closed","ping_status":"closed","sticky":false,"template":"","format":"standard","meta":{"fifu_image_url":"","fifu_image_alt":"","footnotes":""},"categories":[54,76],"tags":[],"class_list":["post-66680","post","type-post","status-publish","format-standard","hentry","category-maroc","category-regions"],"_links":{"self":[{"href":"https:\/\/linitiative.ca\/International\/wp-json\/wp\/v2\/posts\/66680","targetHints":{"allow":["GET"]}}],"collection":[{"href":"https:\/\/linitiative.ca\/International\/wp-json\/wp\/v2\/posts"}],"about":[{"href":"https:\/\/linitiative.ca\/International\/wp-json\/wp\/v2\/types\/post"}],"author":[{"embeddable":true,"href":"https:\/\/linitiative.ca\/International\/wp-json\/wp\/v2\/users\/1788"}],"replies":[{"embeddable":true,"href":"https:\/\/linitiative.ca\/International\/wp-json\/wp\/v2\/comments?post=66680"}],"version-history":[{"count":0,"href":"https:\/\/linitiative.ca\/International\/wp-json\/wp\/v2\/posts\/66680\/revisions"}],"wp:attachment":[{"href":"https:\/\/linitiative.ca\/International\/wp-json\/wp\/v2\/media?parent=66680"}],"wp:term":[{"taxonomy":"category","embeddable":true,"href":"https:\/\/linitiative.ca\/International\/wp-json\/wp\/v2\/categories?post=66680"},{"taxonomy":"post_tag","embeddable":true,"href":"https:\/\/linitiative.ca\/International\/wp-json\/wp\/v2\/tags?post=66680"}],"curies":[{"name":"wp","href":"https:\/\/api.w.org\/{rel}","templated":true}]}}