{"id":66683,"date":"2019-11-06T13:21:36","date_gmt":"2019-11-06T18:21:36","guid":{"rendered":"https:\/\/linitiative.ca\/International\/al-haouz-reunion-sur-la-reduction-des-disparites-sociales\/"},"modified":"2019-11-06T13:21:36","modified_gmt":"2019-11-06T18:21:36","slug":"al-haouz-reunion-sur-la-reduction-des-disparites-sociales","status":"publish","type":"post","link":"https:\/\/linitiative.ca\/International\/al-haouz-reunion-sur-la-reduction-des-disparites-sociales\/","title":{"rendered":"Al Haouz : R\u00e9union sur la r\u00e9duction des disparit\u00e9s sociales"},"content":{"rendered":"<div readability=\"38\">\n<p>Al Haouz \u2013 Une r\u00e9union de travail consacr\u00e9e \u00e0 la pr\u00e9sentation du bilan du programme de r\u00e9duction des disparit\u00e9s territoriales et sociales en milieu rural dans la province d\u2019Al Haouz, ainsi que des programmes d\u2019\u00e9quipement parall\u00e8les a \u00e9t\u00e9 tenue, mercredi, au si\u00e8ge de la pr\u00e9fecture de ladite province.<\/p>\n<\/div>\n<div readability=\"92\">\n<p>Cette r\u00e9union a \u00e9t\u00e9 ainsi l\u2019occasion pour la pr\u00e9sentation, par les services de la province, des r\u00e9alisations accomplies dans le cadre du programme de r\u00e9duction des disparit\u00e9s territoriales et sociales ainsi que des programmes parall\u00e8les et ce, pour la p\u00e9riode 2017-2019.<\/p>\n<p>S\u2019exprimant \u00e0 cette occasion, le pr\u00e9sident du conseil de la r\u00e9gion Marrakech-Safi, Ahmed Akhchichine, a indiqu\u00e9 que la r\u00e9gion a d\u00e9ploy\u00e9 d\u2019importants efforts pour r\u00e9pondre aux besoins de la province eu \u00e9gard \u00e0 ses sp\u00e9cificit\u00e9s g\u00e9ographiques et \u00e0 la pr\u00e9dominance des zones montagneuses au niveau de son espace territorial.<\/p>\n<p>Le Conseil a veill\u00e9 \u00e0 la mise en \u0153uvre du programme de r\u00e9duction des disparit\u00e9s sociales et des programmes parall\u00e8les en accordant la priorit\u00e9 aux secteurs repr\u00e9sentant des besoins pressants et vitaux pour la population, avec \u00e0 leur t\u00eate les routes, le raccordement au r\u00e9seau d\u2019\u00e9lectricit\u00e9, l\u2019approvisionnement en eau potable, la sant\u00e9 et l\u2019enseignement, a-t-il soulign\u00e9.<\/p>\n<p>De leur c\u00f4t\u00e9, les \u00e9lus de la province ont appel\u00e9 \u00e0 redoubler d\u2019efforts pour renforcer l\u2019appui de la r\u00e9gion au profit de la province d\u2019Al Haouz et \u00e0 exploiter les grandes potentialit\u00e9s dont elle regorge en mati\u00e8re de tourisme, de ressources hydriques, d\u2019agriculture ainsi que dans d\u2019autres secteurs productifs.<\/p>\n<p>A noter que le nombre des projets inscrits dans le cadre du programme de r\u00e9duction des disparit\u00e9s sociales a atteint 13 projets pour une enveloppe budg\u00e9taire de plus de 164 millions de DH durant la p\u00e9riode 2017-2019, alors que le co\u00fbt des projets parall\u00e8les au cours de la m\u00eame p\u00e9riode a \u00e9t\u00e9 de l\u2019ordre de pr\u00e8s de 45 millions de DH.<\/p>\n<p>A l\u2019issue de cette r\u00e9union, il a \u00e9t\u00e9 proc\u00e9d\u00e9 \u00e0 la remise d\u2019un lot de bus scolaires au profit de communes rurales de la province, comme contribution du conseil de la r\u00e9gion au soutien de la scolarisation et \u00e0 la lutte contre la d\u00e9perdition scolaire, ainsi que de nombreux camions citernes.<\/p>\n<p>Il est \u00e0 rappeler que le total des financements dont la province d\u2019Al Haouz a b\u00e9n\u00e9fici\u00e9 depuis 2017 a atteint pr\u00e8s de 210 millions de DH, r\u00e9partis entre le programme de r\u00e9duction des disparit\u00e9s sociales en milieu rural, les programmes propres et les projets \u00e0 caract\u00e8re social.<\/p>\n<p>Cette r\u00e9union de travail s\u2019est d\u00e9roul\u00e9e en pr\u00e9sence du gouverneur de la province d\u2019Al Haouz, du pr\u00e9sident du conseil provincial, des membres du conseil de la r\u00e9gion repr\u00e9sentant la province, de pr\u00e9sidents des collectivit\u00e9s territoriales relevant de la province, ainsi que des chefs des services ext\u00e9rieurs.<\/p>\n<\/div>\n<p>Auteur: Meriem IGASS<br \/>\n<a href=\"http:\/\/www.mapmarrakech.ma\/fr\/reduction\/\">Cliquez ici pour lire l&rsquo;article depuis sa source.<\/a><\/p>\n","protected":false},"excerpt":{"rendered":"<p>Al Haouz \u2013 Une r\u00e9union de travail consacr\u00e9e \u00e0 la pr\u00e9sentation du bilan du programme de r\u00e9duction des disparit\u00e9s territoriales et sociales en milieu rural dans la province d\u2019Al Haouz, ainsi que des programmes d\u2019\u00e9quipement parall\u00e8les a \u00e9t\u00e9 tenue, mercredi, au si\u00e8ge de la pr\u00e9fecture de ladite province. Cette r\u00e9union a \u00e9t\u00e9 ainsi l\u2019occasion pour [&hellip;]<\/p>\n","protected":false},"author":1788,"featured_media":0,"comment_status":"closed","ping_status":"closed","sticky":false,"template":"","format":"standard","meta":{"fifu_image_url":"","fifu_image_alt":"","footnotes":""},"categories":[54,76],"tags":[],"class_list":["post-66683","post","type-post","status-publish","format-standard","hentry","category-maroc","category-regions"],"_links":{"self":[{"href":"https:\/\/linitiative.ca\/International\/wp-json\/wp\/v2\/posts\/66683","targetHints":{"allow":["GET"]}}],"collection":[{"href":"https:\/\/linitiative.ca\/International\/wp-json\/wp\/v2\/posts"}],"about":[{"href":"https:\/\/linitiative.ca\/International\/wp-json\/wp\/v2\/types\/post"}],"author":[{"embeddable":true,"href":"https:\/\/linitiative.ca\/International\/wp-json\/wp\/v2\/users\/1788"}],"replies":[{"embeddable":true,"href":"https:\/\/linitiative.ca\/International\/wp-json\/wp\/v2\/comments?post=66683"}],"version-history":[{"count":0,"href":"https:\/\/linitiative.ca\/International\/wp-json\/wp\/v2\/posts\/66683\/revisions"}],"wp:attachment":[{"href":"https:\/\/linitiative.ca\/International\/wp-json\/wp\/v2\/media?parent=66683"}],"wp:term":[{"taxonomy":"category","embeddable":true,"href":"https:\/\/linitiative.ca\/International\/wp-json\/wp\/v2\/categories?post=66683"},{"taxonomy":"post_tag","embeddable":true,"href":"https:\/\/linitiative.ca\/International\/wp-json\/wp\/v2\/tags?post=66683"}],"curies":[{"name":"wp","href":"https:\/\/api.w.org\/{rel}","templated":true}]}}