{"id":66684,"date":"2019-11-05T18:33:00","date_gmt":"2019-11-05T23:33:00","guid":{"rendered":"https:\/\/linitiative.ca\/International\/interclubs-federal-golf-isly-oujda-remporte-la-4e-edition\/"},"modified":"2019-11-05T18:33:00","modified_gmt":"2019-11-05T23:33:00","slug":"interclubs-federal-golf-isly-oujda-remporte-la-4e-edition","status":"publish","type":"post","link":"https:\/\/linitiative.ca\/International\/interclubs-federal-golf-isly-oujda-remporte-la-4e-edition\/","title":{"rendered":"Interclubs f\u00e9d\u00e9ral: Golf Isly Oujda remporte la 4\u00e8 \u00e9dition"},"content":{"rendered":"<p class=\"c1\">Le club Golf Isly Oujda s\u2019est adjug\u00e9 la 4\u00e8me \u00e9dition de l\u2019Interclubs f\u00e9d\u00e9ral, qui s\u2019est d\u00e9roul\u00e9e du 1er au 05 novembre au Golf Sa\u00efdia Lacs.<\/p>\n<p class=\"c1\">En finale, Golf Isly Oujda s\u2019est impos\u00e9 devant le tenant du titre de la 2\u00e8me \u00e9dition de cette comp\u00e9tition (2017), en l\u2019occurrence le Golf de Sa\u00efdia Lacs.<\/p>\n<p class=\"c1\">Outre les clubs de Golf Isly Oujda et Golf de Sa\u00efdia Lacs, cette \u00e9dition a connu la participation du Royal Golf Anfa Mohammedia qui a fini la comp\u00e9tition en 3\u00e8me position, le Royal golf universitaire de Settat (4\u00e8me position), le Royal golf Dar Es-Salam (5\u00e8me), le Royal golf de Marrakech (6\u00e8me) et le Royal golf de F\u00e8s (7\u00e8me).<\/p>\n<p class=\"c1\">Organis\u00e9e par la F\u00e9d\u00e9ration royale marocaine de golf (FRMG), l\u2019interclubs est une comp\u00e9tition f\u00e9d\u00e9rale qui confronte, \u00e0 l\u2019instar de la Coupe du Tr\u00f4ne, les clubs du golf marocain. Lors de cette \u00e9dition, sept clubs \u00e9taient en lice pour s\u2019adjuger le titre.<\/p>\n<p class=\"c1\">La compl\u00e9tion s\u2019est d\u00e9roul\u00e9e selon la formule : 2 tours de qualification (les 1er et 2 novembre), 1\/4 de finales (3 novembre), 1\/2 finales (4 novembre) et la finale (5 novembre).<\/p>\n<p><img class=\"wp-image-15518 aligncenter\" data-src=\"http:\/\/www.mapoujda.ma\/map\/uploads\/2019\/11\/Abdellatif-El-Bashari-M750\u00d7430-MAP.jpg\" alt=\"\" width=\"576\" height=\"330\" srcset=\"http:\/\/www.mapoujda.ma\/map\/uploads\/2019\/11\/Abdellatif-El-Bashari-M750\u00d7430-MAP.jpg 750w, http:\/\/www.mapoujda.ma\/map\/uploads\/2019\/11\/Abdellatif-El-Bashari-M750\u00d7430-MAP-300x172.jpg 300w\" sizes=\"(max-width: 576px) 100vw, 576px\"\/><\/p>\n<p class=\"c3\"><span class=\"c2\">M. Abdellatif El Bashari dans une d\u00e9claration \u00e0 la MAP<br \/><\/span><\/p>\n<p class=\"c1\">Les intervenants lors de la c\u00e9r\u00e9monie de cl\u00f4ture se sont f\u00e9licit\u00e9s de la bonne organisation et du succ\u00e8s \u00e9clatant de cette 4\u00e8me \u00e9dition qui s\u2019est d\u00e9roul\u00e9e dans une ambiance amicale et comp\u00e9titive.<\/p>\n<p class=\"c1\">Ils ont de m\u00eame mis l\u2019accent sur les efforts d\u00e9ploy\u00e9s au niveau national pour le d\u00e9veloppement et la d\u00e9mocratisation du tennis, relevant que l\u2019Interclubs f\u00e9d\u00e9ral contribue \u00e0 la promotion touristique de la r\u00e9gion de l\u2019Oriental en g\u00e9n\u00e9ral, et de la destination Sa\u00efdia en particulier.<\/p>\n<p class=\"c1\">Dans une d\u00e9claration \u00e0 la MAP, Abdellatif El Bashari, directeur du tournoi, a fait savoir que l\u2019Interclubs f\u00e9d\u00e9ral est une comp\u00e9tition par \u00e9quipes qui se joue \u00e0 l\u2019image de la Coupe du Tr\u00f4ne, ajoutant que \u2019\u2019chaque \u00e9quipe doit avoir chaque jour deux dames et deux seniors et ne doit pas d\u00e9passer un nombre limite d\u2019index, et ce dans l\u2019objectif de garder un \u00e9quilibre entre les \u00e9quipes participantes\u2019\u2019.<\/p>\n<p class=\"c1\">Tout en mettant l\u2019accent sur les particularit\u00e9s de cette \u00e9dition, il a indiqu\u00e9 que les participants \u00e0 cette comp\u00e9tition ont fait preuve d\u2019un remarquable esprit combatif.<\/p>\n<p class=\"c1\">Au terme de la c\u00e9r\u00e9monie de cl\u00f4ture, qui a connu la pr\u00e9sence notamment du Wali de la r\u00e9gion de l\u2019Oriental, du gouverneur de la province de Berkane, et du directeur g\u00e9n\u00e9ral de la FRMG, il a \u00e9t\u00e9 proc\u00e9d\u00e9 \u00e0 la remise des m\u00e9dailles aux clubs qui ont d\u00e9croch\u00e9 les trois premi\u00e8res places et la Coupe au vainqueur de cette \u00e9dition, Golf Isly Oujda.<\/p>\n<p>Auteur: Soufiane ELAHMAR<br \/>\n<a href=\"http:\/\/www.mapoujda.ma\/fr\/interclubs-federal-golf-isly-oujda-remporte-la-4e-edition\/\">Cliquez ici pour lire l&rsquo;article depuis sa source.<\/a><\/p>\n","protected":false},"excerpt":{"rendered":"<p>Le club Golf Isly Oujda s\u2019est adjug\u00e9 la 4\u00e8me \u00e9dition de l\u2019Interclubs f\u00e9d\u00e9ral, qui s\u2019est d\u00e9roul\u00e9e du 1er au 05 novembre au Golf Sa\u00efdia Lacs. En finale, Golf Isly Oujda s\u2019est impos\u00e9 devant le tenant du titre de la 2\u00e8me \u00e9dition de cette comp\u00e9tition (2017), en l\u2019occurrence le Golf de Sa\u00efdia Lacs. Outre les clubs [&hellip;]<\/p>\n","protected":false},"author":1788,"featured_media":66685,"comment_status":"closed","ping_status":"closed","sticky":false,"template":"","format":"standard","meta":{"fifu_image_url":"","fifu_image_alt":"","footnotes":""},"categories":[54,76],"tags":[],"class_list":["post-66684","post","type-post","status-publish","format-standard","has-post-thumbnail","hentry","category-maroc","category-regions"],"_links":{"self":[{"href":"https:\/\/linitiative.ca\/International\/wp-json\/wp\/v2\/posts\/66684","targetHints":{"allow":["GET"]}}],"collection":[{"href":"https:\/\/linitiative.ca\/International\/wp-json\/wp\/v2\/posts"}],"about":[{"href":"https:\/\/linitiative.ca\/International\/wp-json\/wp\/v2\/types\/post"}],"author":[{"embeddable":true,"href":"https:\/\/linitiative.ca\/International\/wp-json\/wp\/v2\/users\/1788"}],"replies":[{"embeddable":true,"href":"https:\/\/linitiative.ca\/International\/wp-json\/wp\/v2\/comments?post=66684"}],"version-history":[{"count":0,"href":"https:\/\/linitiative.ca\/International\/wp-json\/wp\/v2\/posts\/66684\/revisions"}],"wp:featuredmedia":[{"embeddable":true,"href":"https:\/\/linitiative.ca\/International\/wp-json\/"}],"wp:attachment":[{"href":"https:\/\/linitiative.ca\/International\/wp-json\/wp\/v2\/media?parent=66684"}],"wp:term":[{"taxonomy":"category","embeddable":true,"href":"https:\/\/linitiative.ca\/International\/wp-json\/wp\/v2\/categories?post=66684"},{"taxonomy":"post_tag","embeddable":true,"href":"https:\/\/linitiative.ca\/International\/wp-json\/wp\/v2\/tags?post=66684"}],"curies":[{"name":"wp","href":"https:\/\/api.w.org\/{rel}","templated":true}]}}