{"id":66690,"date":"2019-11-06T12:09:31","date_gmt":"2019-11-06T17:09:31","guid":{"rendered":"https:\/\/linitiative.ca\/International\/blida-un-programme-pour-la-realisation-dune-decharge-publique-pour-chaque-commune\/"},"modified":"2019-11-06T12:09:31","modified_gmt":"2019-11-06T17:09:31","slug":"blida-un-programme-pour-la-realisation-dune-decharge-publique-pour-chaque-commune","status":"publish","type":"post","link":"https:\/\/linitiative.ca\/International\/blida-un-programme-pour-la-realisation-dune-decharge-publique-pour-chaque-commune\/","title":{"rendered":"Blida : un programme pour la r\u00e9alisation d\u2019une d\u00e9charge publique pour chaque commune"},"content":{"rendered":"<div readability=\"38\">\n<p><strong>BLIDA- Un programme pour la r\u00e9alisation d\u2019une d\u00e9charge publique dans chaque commune de la wilaya de Blida a \u00e9t\u00e9 mis au point en vue de r\u00e9duire la pression exerc\u00e9e sur les Centres d\u2019enfouissement technique (CTE) et autres d\u00e9charges publiques de la wilaya, ayant atteint\u00a0<\/strong><strong>un niveau de saturation jug\u00e9 tr\u00e8s avanc\u00e9, a annonc\u00e9 mercredi le wali, Youcef Chorfa.<\/strong><\/p>\n<\/div>\n<div readability=\"80.5853658537\">\n<p>\u00ab\u00a0Une d\u00e9cision a \u00e9t\u00e9 prise en vue de la r\u00e9alisation d\u2019une d\u00e9charge publique dans chaque commune en vue de la prise en charge des probl\u00e8mes li\u00e9s \u00e0 l&rsquo;environnement\u00a0\u00bb, a indiqu\u00e9 le wali dans une d\u00e9claration \u00e0 la presse, en marge d\u2019une visite de travail dans la commune de Souhane, (Est de Blida).<\/p>\n<p>Relevant que la seule contrainte pos\u00e9e pour pareils projets r\u00e9side dans le d\u00e9ficit en foncier dans de nombreuses communes, il a expliqu\u00e9 que ces derniers devraient r\u00e9pondre \u00e0 des caract\u00e9ristiques bien d\u00e9finies relatives \u00e0 la protection de la sant\u00e9 publique et \u00e0 la pr\u00e9servation de l\u2019environnement.<\/p>\n<hr\/>\n<p>Lire aussi:\u00a0<a href=\"http:\/\/www.aps.dz\/economie\/96877-finalisation-des-programmes-proposes-lancement-des-procedures-de-realisation\">Finalisation des programmes propos\u00e9s, lancement des proc\u00e9dures de r\u00e9alisation<\/a><\/p>\n<hr\/>\n<p>Apr\u00e8s avoir signal\u00e9 l\u2019affectation d\u2019enveloppes \u00ab\u00a0consid\u00e9rables\u00a0\u00bb pour la mise en \u0153uvre de ce programme environnemental, le chef de l\u2019ex\u00e9cutif a fait part du lancement, aupr\u00e8s des services communaux concern\u00e9s, de proc\u00e9dures de recherche d\u2019assiettes fonci\u00e8res adapt\u00e9es, en vue de la r\u00e9alisation de\u00a0ces projets dans les plus brefs d\u00e9lais. Une priorit\u00e9 sera n\u00e9anmoins accord\u00e9e, \u00e0 l\u2019entame de ce programme, aux communes surpeupl\u00e9es de la wilaya, \u00e0 l\u2019instar d\u2019Ouled Ya\u00efch et Boufarik.<\/p>\n<p>Le wali a, \u00e0 cette occasion, inspect\u00e9 le chantier d\u2019une d\u00e9charge publique contr\u00f4l\u00e9e s\u2019\u00e9tendant sur une assiette de quatre ha \u00e0 la commune de Larba\u00e2, et devant \u00eatre r\u00e9ceptionn\u00e9e dans les quatre mois \u00e0 venir.<\/p>\n<p>Sur place, il a ordonn\u00e9 la fermeture de la d\u00e9charge mitoyenne, d\u00e8s le d\u00e9but de l\u2019ann\u00e9e prochaine, car ayant atteint un \u00ab\u00a0niveau de saturation\u00a0\u00bb, selon lui.<\/p>\n<p>Le wali a, \u00e9galement, annonc\u00e9 l\u2019affectation d\u2019une enveloppe de 35 milliards de centimes pour la r\u00e9alisation d\u2019un CET, dont le chantier sera lanc\u00e9 \u00ab\u00a0prochainement, avec un d\u00e9lai de r\u00e9ception fix\u00e9 au 1er semestre 2020\u00a0\u00bb, faisant aussi part de la mise en chantier de deux autres projets similaires, \u00ab\u00a0en cas de disponibilit\u00e9 d&rsquo;assiettes fonci\u00e8res\u00a0\u00bb.<\/p>\n<\/div>\n<p>Auteur:<br \/>\n<a href=\"http:\/\/www.aps.dz\/regions\/97059-blida-un-programme-pour-la-realisation-d-une-decharge-publique-pour-chaque-commune\">Cliquez ici pour lire l&rsquo;article depuis sa source.<\/a><\/p>\n","protected":false},"excerpt":{"rendered":"<p>BLIDA- Un programme pour la r\u00e9alisation d\u2019une d\u00e9charge publique dans chaque commune de la wilaya de Blida a \u00e9t\u00e9 mis au point en vue de r\u00e9duire la pression exerc\u00e9e sur les Centres d\u2019enfouissement technique (CTE) et autres d\u00e9charges publiques de la wilaya, ayant atteint\u00a0un niveau de saturation jug\u00e9 tr\u00e8s avanc\u00e9, a annonc\u00e9 mercredi le wali, [&hellip;]<\/p>\n","protected":false},"author":1790,"featured_media":0,"comment_status":"closed","ping_status":"closed","sticky":false,"template":"","format":"standard","meta":{"fifu_image_url":"","fifu_image_alt":"","footnotes":""},"categories":[53,76],"tags":[],"class_list":["post-66690","post","type-post","status-publish","format-standard","hentry","category-algerie","category-regions"],"_links":{"self":[{"href":"https:\/\/linitiative.ca\/International\/wp-json\/wp\/v2\/posts\/66690","targetHints":{"allow":["GET"]}}],"collection":[{"href":"https:\/\/linitiative.ca\/International\/wp-json\/wp\/v2\/posts"}],"about":[{"href":"https:\/\/linitiative.ca\/International\/wp-json\/wp\/v2\/types\/post"}],"author":[{"embeddable":true,"href":"https:\/\/linitiative.ca\/International\/wp-json\/wp\/v2\/users\/1790"}],"replies":[{"embeddable":true,"href":"https:\/\/linitiative.ca\/International\/wp-json\/wp\/v2\/comments?post=66690"}],"version-history":[{"count":0,"href":"https:\/\/linitiative.ca\/International\/wp-json\/wp\/v2\/posts\/66690\/revisions"}],"wp:attachment":[{"href":"https:\/\/linitiative.ca\/International\/wp-json\/wp\/v2\/media?parent=66690"}],"wp:term":[{"taxonomy":"category","embeddable":true,"href":"https:\/\/linitiative.ca\/International\/wp-json\/wp\/v2\/categories?post=66690"},{"taxonomy":"post_tag","embeddable":true,"href":"https:\/\/linitiative.ca\/International\/wp-json\/wp\/v2\/tags?post=66690"}],"curies":[{"name":"wp","href":"https:\/\/api.w.org\/{rel}","templated":true}]}}