{"id":66692,"date":"2019-11-06T01:46:22","date_gmt":"2019-11-06T06:46:22","guid":{"rendered":"https:\/\/linitiative.ca\/International\/casablanca-une-seconde-vie-pour-la-rue-prince-my-abdellah\/"},"modified":"2019-11-06T01:46:22","modified_gmt":"2019-11-06T06:46:22","slug":"casablanca-une-seconde-vie-pour-la-rue-prince-my-abdellah","status":"publish","type":"post","link":"https:\/\/linitiative.ca\/International\/casablanca-une-seconde-vie-pour-la-rue-prince-my-abdellah\/","title":{"rendered":"Casablanca: Une seconde vie pour la rue Prince My Abdellah?"},"content":{"rendered":"<div readability=\"37\">\n<p>D\u00e9marrage de la mise \u00e0 niveau cette semaine<\/p>\n<p>Cam\u00e9ras, vigiles\u2026 l\u2019attirail pour combattre les vendeurs \u00e0 la sauvette<\/p>\n<p>Budget: 24 millions de DH<\/p>\n<\/div>\n<div readability=\"103.218045113\">\n<div class=\"dnd-atom-wrapper type-image context-sdl_editor_representation\" contenteditable=\"false\" readability=\"32\">\n<div class=\"dnd-drop-wrapper image\"><img loading=\"lazy\" decoding=\"async\" typeof=\"foaf:Image\" class=\"img-responsive\" src=\"https:\/\/www.leconomiste.com\/sites\/default\/files\/eco7\/public\/thumbnails\/image\/prince-my-abdellah-2-029.jpg\" width=\"660\" height=\"330\" alt=\"prince-my-abdellah-2-029.jpg\" title=\"prince-my-abdellah-2-029.jpg\"\/><\/div>\n<div class=\"dnd-legend-wrapper\" contenteditable=\"true\" readability=\"9\">\n<p class=\"rtejustify\">La ruelle pi\u00e9tonne du Prince My Abdellah a connu des jours meilleurs. Elle \u00e9tait la destination shopping de r\u00e9f\u00e9rence durant les ann\u00e9es 70 et 80. Va-t-elle rena\u00eetre de ses cendres apr\u00e8s les travaux de restauration? Rendez-vous dans un an \u2026 <em>(Ph. A.B.)<\/em><\/p>\n<\/div>\n<\/div>\n<p class=\"rtejustify\">Nouveau chantier au centre-ville de Casablanca. La r\u00e9habilitation de la fameuse rue pi\u00e9tonne Prince My Abdellah (ex Blaise Pascal), l\u2019une des plus anciennes de la ville, sera entam\u00e9e cette semaine. Ce projet qui a pris un retard de 2 ans <a href=\"https:\/\/leconomiste.com\/archive\/edition\/5070\" target=\"_blank\" rel=\"noopener noreferrer\"><span class=\"c4\"><strong><em>(cf. \u00e9dition du 21 juillet 2017)<\/em><\/strong><\/span><\/a> devra \u00eatre relanc\u00e9 et son budget revu \u00e0 la hausse.<\/p>\n<p class=\"rtejustify\">La restauration de cette rue, qui n\u00e9cessitera une enveloppe de 24 millions de DH, devrait durer une ann\u00e9e. Une p\u00e9riode durant laquelle les 200 commerces qui ont pignon sur rue vont devoir prendre leur mal en patience. Leur chiffre d\u2019affaires risque de fondre comme neige au soleil en raison de l\u2019accessibilit\u00e9 limit\u00e9e du site durant les travaux.<\/p>\n<p class=\"rtejustify\">Au programme: rev\u00eatement du sol avec du granit, \u00e9clairage suspendu (pour \u00e9viter le vol des lignes \u00e9lectriques), nouveau mobilier urbain, installation de cam\u00e9ras de surveillance\u2026\u00a0 Le but \u00e9tant de dissuader les vendeurs ambulants r\u00e9cidivistes. \u00abCette mise \u00e0 niveau, pilot\u00e9e par la SDL Casa-Am\u00e9nagement, a \u00e9t\u00e9 relanc\u00e9e sous l\u2019impulsion du gouverneur de la pr\u00e9fecture d\u2019Anfa\u00bb, tient \u00e0 pr\u00e9ciser Ali Bouftass, pr\u00e9sident de l\u2019association \u00abAssafaa\u00bb des commer\u00e7ants, des professions lib\u00e9rales et des services du centre-ville.<\/p>\n<div class=\"dnd-atom-wrapper type-image context-sdl_editor_representation atom-align-right\" contenteditable=\"false\" readability=\"31\">\n<div class=\"dnd-drop-wrapper image\"><img loading=\"lazy\" decoding=\"async\" typeof=\"foaf:Image\" class=\"img-responsive\" src=\"https:\/\/www.leconomiste.com\/sites\/default\/files\/eco7\/public\/thumbnails\/image\/prince-my-abdellah-029.jpg\" width=\"308\" height=\"397\" alt=\"prince-my-abdellah-029.jpg\" title=\"prince-my-abdellah-029.jpg\"\/><\/div>\n<div class=\"dnd-legend-wrapper\" contenteditable=\"true\" readability=\"7\">\n<p class=\"rtejustify\">La sculpture de Sijilmassi s\u2019est transform\u00e9e en aire de jeux\u00a0 pour enfants! <em>(Ph. A.B.)<\/em><\/p>\n<\/div>\n<\/div>\n<p class=\"rtejustify\">Ce dernier se dit pr\u00eat \u00e0 supporter les d\u00e9sagr\u00e9ments des travaux et leur impact sur le chiffre d\u2019affaires des commerces riverains pourvu que l\u2019environnement imm\u00e9diat soit assaini. Vendeurs ambulants, SDF, probl\u00e8mes de stationnement, de circulation, taxis blancs\u2026. autant de sources de nuisance ayant d\u00e9j\u00e0 impact\u00e9 l\u2019activit\u00e9 dans cette rue commer\u00e7ante, qui a eu ses heures de gloire dans les ann\u00e9es 70 et 80.<\/p>\n<p class=\"rtejustify\">Aujourd\u2019hui, les riverains esp\u00e8rent redorer le blason de leur rue en entreprenant une s\u00e9rie d\u2019actions. \u00abTout d\u2019abord, il a fallu r\u00e9soudre le probl\u00e8me de la boucle de circulation qui nous a pratiquement isol\u00e9s dans un \u00eelot au milieu d\u2019un cercle sans issue ou voie d\u2019acc\u00e8s\u00bb, explique Bouftass. Une bifurcation au niveau de bd Hassan II permet depuis quelques mois d\u2019acc\u00e9der au boulevard Driss Lahrizi, s\u00e9parant les deux parties de la rue Prince My Abdellah.<\/p>\n<p class=\"rtejustify\">Les nombreux vendeurs ambulants ont \u00e9t\u00e9 tant bien que mal bannis devant les commerces. Il ne reste plus qu\u2019\u00e0 r\u00e9gler le probl\u00e8me des taxis blancs qui squattent la place du 16 novembre (en face de l\u2019Institut Goethe). \u00abCe rond-point sera \u00e9galement transform\u00e9 en rue pi\u00e9tonne, tout en gardant en place la fameuse sculpture de Sijilmassi\u00bb, poursuit Bouftass.<\/p>\n<div class=\"dnd-atom-wrapper type-image context-sdl_editor_representation\" contenteditable=\"false\" readability=\"32\">\n<div class=\"dnd-drop-wrapper image\"><img loading=\"lazy\" decoding=\"async\" typeof=\"foaf:Image\" class=\"img-responsive\" src=\"https:\/\/www.leconomiste.com\/sites\/default\/files\/eco7\/public\/thumbnails\/image\/prince-my-abdellah-2-029.jpg\" width=\"660\" height=\"330\" alt=\"prince-my-abdellah-2-029.jpg\" title=\"prince-my-abdellah-2-029.jpg\"\/><\/div>\n<div class=\"dnd-legend-wrapper\" contenteditable=\"true\" readability=\"9\">\n<p class=\"rtejustify\">La place du 16 novembre est transform\u00e9e en station de grands taxis au grand dam des riverains (habitants et commerces) qui doivent supporter le brouhaha ambiant et les files d\u2019attentes interminables en heures de pointe <em>(Ph. A.B.)<\/em><\/p>\n<\/div>\n<\/div>\n<p class=\"rtejustify\">u terme des travaux, les membres affili\u00e9s \u00e0 l\u2019association Assafa pr\u00e9voient le recrutement d\u2019une dizaine de vigiles afin de parer \u00e0 un \u00e9ventuel retour\u00a0 des \u00abferrachas\u00bb (vendeurs ambulants). \u00abLes cam\u00e9ras de surveillance et les vigiles permettront de pr\u00e9venir une invasion de vendeurs \u00e0 la sauvette, comme ce fut le cas il y a 2 ou 3 ans\u00bb, affirme le pr\u00e9sident de l\u2019association.<\/p>\n<p class=\"rtejustify\">Les commerces r\u00e9glementaires esp\u00e8rent ainsi r\u00e9cup\u00e9rer une client\u00e8le perdue. Ce qui n\u2019est pas une t\u00e2che ais\u00e9e. Les am\u00e9nagements au centre-ville s\u2019\u00e9ternisent. Beaucoup sont lanc\u00e9s depuis des ann\u00e9es comme la r\u00e9habilitation de la coupole de Zevaco, le Grand-th\u00e9\u00e2tre, la tr\u00e9mie Almohades (pour ne citer qu\u2019eux) \u2026 d\u2019autres depuis quelques mois (comme les voiries et les grandes art\u00e8res). Les travaux sur la trajectoire des futures lignes 3 et 4 n\u2019arrangent pas non plus la situation. Des boulevards comme celui du 11 janvier, Mustapha Ma\u00e2ni, Rahal Meskini, Lalla Yacout \u2026 ont plus l\u2019allure d\u2019un champ de bataille, que d\u2019une destination shopping. Des quartiers (comme Mers Sultan), autrefois hupp\u00e9s, agonisent dans l\u2019indiff\u00e9rence des \u00e9lus locaux. Une situation qui n\u2019encourage pas les Casablancais \u00e0 renouer avec le c\u0153ur historique de leur ville.<\/p>\n<p class=\"rtejustify\"><em>Aziza EL AFFAS<\/em><\/p>\n<\/div>\n<p>Auteur: hlafriqi<br \/>\n<a href=\"https:\/\/www.leconomiste.com\/article\/1052781-casablanca-une-seconde-vie-pour-la-rue-prince-my-abdellah\">Cliquez ici pour lire l&rsquo;article depuis sa source.<\/a><\/p>\n","protected":false},"excerpt":{"rendered":"<p>D\u00e9marrage de la mise \u00e0 niveau cette semaine Cam\u00e9ras, vigiles\u2026 l\u2019attirail pour combattre les vendeurs \u00e0 la sauvette Budget: 24 millions de DH La ruelle pi\u00e9tonne du Prince My Abdellah a connu des jours meilleurs. Elle \u00e9tait la destination shopping de r\u00e9f\u00e9rence durant les ann\u00e9es 70 et 80. Va-t-elle rena\u00eetre de ses cendres apr\u00e8s les [&hellip;]<\/p>\n","protected":false},"author":1763,"featured_media":66693,"comment_status":"closed","ping_status":"closed","sticky":false,"template":"","format":"standard","meta":{"fifu_image_url":"","fifu_image_alt":"","footnotes":""},"categories":[78,54],"tags":[],"class_list":["post-66692","post","type-post","status-publish","format-standard","has-post-thumbnail","hentry","category-economie","category-maroc"],"_links":{"self":[{"href":"https:\/\/linitiative.ca\/International\/wp-json\/wp\/v2\/posts\/66692","targetHints":{"allow":["GET"]}}],"collection":[{"href":"https:\/\/linitiative.ca\/International\/wp-json\/wp\/v2\/posts"}],"about":[{"href":"https:\/\/linitiative.ca\/International\/wp-json\/wp\/v2\/types\/post"}],"author":[{"embeddable":true,"href":"https:\/\/linitiative.ca\/International\/wp-json\/wp\/v2\/users\/1763"}],"replies":[{"embeddable":true,"href":"https:\/\/linitiative.ca\/International\/wp-json\/wp\/v2\/comments?post=66692"}],"version-history":[{"count":0,"href":"https:\/\/linitiative.ca\/International\/wp-json\/wp\/v2\/posts\/66692\/revisions"}],"wp:featuredmedia":[{"embeddable":true,"href":"https:\/\/linitiative.ca\/International\/wp-json\/"}],"wp:attachment":[{"href":"https:\/\/linitiative.ca\/International\/wp-json\/wp\/v2\/media?parent=66692"}],"wp:term":[{"taxonomy":"category","embeddable":true,"href":"https:\/\/linitiative.ca\/International\/wp-json\/wp\/v2\/categories?post=66692"},{"taxonomy":"post_tag","embeddable":true,"href":"https:\/\/linitiative.ca\/International\/wp-json\/wp\/v2\/tags?post=66692"}],"curies":[{"name":"wp","href":"https:\/\/api.w.org\/{rel}","templated":true}]}}