{"id":66698,"date":"2019-11-06T15:13:56","date_gmt":"2019-11-06T20:13:56","guid":{"rendered":"https:\/\/linitiative.ca\/International\/international-tottenham-pochettino-prend-position-pour-eriksen\/"},"modified":"2019-11-06T15:13:56","modified_gmt":"2019-11-06T20:13:56","slug":"international-tottenham-pochettino-prend-position-pour-eriksen","status":"publish","type":"post","link":"https:\/\/linitiative.ca\/International\/international-tottenham-pochettino-prend-position-pour-eriksen\/","title":{"rendered":"International : Tottenham\u00a0: Pochettino prend position pour Eriksen"},"content":{"rendered":"<div readability=\"32\">\n<p>Auteur : <span class=\"time\">mercredi 06 novembre 2019 14:50<\/span><\/p>\n<\/div>\n<div id=\"post_core\" readability=\"47\">\n<p>A leurs yeux, Eriksen a la t\u00eate ailleurs. Comme le rapporte Infosmercato, Pochettino est intervenu \u00e0 ce sujet. \u00ab\u00a0Je ne pense pas que les performances de Christian soient diff\u00e9rentes de celles que nous avions eu lorsqu\u2019il avait sign\u00e9 il y a six ans. Son engagement est le m\u00eame. Parfois, nous cherchons peut-\u00eatre trop \u00e0 savoir si un joueur a un contrat d\u2019un ou de quatre ans\u00a0\u00bb, a d\u00e9plor\u00e9 l\u2019Argentin.<\/p>\n<p>Pour Mauricio Pochettino, tout est \u00ab\u00a0une question d\u2019engagement\u00a0\u00bb. Le technicien a m\u00eame l\u2019impression que \u00ab\u00a0les joueurs qui sont dans leur derni\u00e8re ann\u00e9e de contrat\u00a0\u00bb sont souvent plus motiv\u00e9s que les autres. Christian Eriksen est \u00ab\u00a0le m\u00eame joueur\u00a0\u00bb par rapport aux \u00ab\u00a0saisons pr\u00e9c\u00e9dentes\u00a0\u00bb.\u00a0<\/p>\n<p><strong>Publi\u00e9 dans :<\/strong> <span>Tottenham<\/span> <span>Eriksen<\/span> <span>Pochettino<\/span><\/p>\n<\/div>\n<p>Auteur:<br \/>\n<a href=\"http:\/\/www.lebuteur.com\/article\/detail?titre=tottenham%C2%A0-pochettino-prend-position-pour-eriksen&#038;id=92781&#038;utm_source=feedburner&#038;utm_medium=feed&#038;utm_campaign=Feed%3A+GalerieFArtciles+%28Les+derniers+articles++-+lebuteur.com%29\">Cliquez ici pour lire l&rsquo;article depuis sa source.<\/a><\/p>\n","protected":false},"excerpt":{"rendered":"<p>Auteur : mercredi 06 novembre 2019 14:50 A leurs yeux, Eriksen a la t\u00eate ailleurs. Comme le rapporte Infosmercato, Pochettino est intervenu \u00e0 ce sujet. \u00ab\u00a0Je ne pense pas que les performances de Christian soient diff\u00e9rentes de celles que nous avions eu lorsqu\u2019il avait sign\u00e9 il y a six ans. Son engagement est le m\u00eame. [&hellip;]<\/p>\n","protected":false},"author":1738,"featured_media":66699,"comment_status":"closed","ping_status":"closed","sticky":false,"template":"","format":"standard","meta":{"fifu_image_url":"","fifu_image_alt":"","footnotes":""},"categories":[53,75],"tags":[],"class_list":["post-66698","post","type-post","status-publish","format-standard","has-post-thumbnail","hentry","category-algerie","category-sport"],"_links":{"self":[{"href":"https:\/\/linitiative.ca\/International\/wp-json\/wp\/v2\/posts\/66698","targetHints":{"allow":["GET"]}}],"collection":[{"href":"https:\/\/linitiative.ca\/International\/wp-json\/wp\/v2\/posts"}],"about":[{"href":"https:\/\/linitiative.ca\/International\/wp-json\/wp\/v2\/types\/post"}],"author":[{"embeddable":true,"href":"https:\/\/linitiative.ca\/International\/wp-json\/wp\/v2\/users\/1738"}],"replies":[{"embeddable":true,"href":"https:\/\/linitiative.ca\/International\/wp-json\/wp\/v2\/comments?post=66698"}],"version-history":[{"count":0,"href":"https:\/\/linitiative.ca\/International\/wp-json\/wp\/v2\/posts\/66698\/revisions"}],"wp:featuredmedia":[{"embeddable":true,"href":"https:\/\/linitiative.ca\/International\/wp-json\/"}],"wp:attachment":[{"href":"https:\/\/linitiative.ca\/International\/wp-json\/wp\/v2\/media?parent=66698"}],"wp:term":[{"taxonomy":"category","embeddable":true,"href":"https:\/\/linitiative.ca\/International\/wp-json\/wp\/v2\/categories?post=66698"},{"taxonomy":"post_tag","embeddable":true,"href":"https:\/\/linitiative.ca\/International\/wp-json\/wp\/v2\/tags?post=66698"}],"curies":[{"name":"wp","href":"https:\/\/api.w.org\/{rel}","templated":true}]}}