{"id":66700,"date":"2019-11-06T15:13:58","date_gmt":"2019-11-06T20:13:58","guid":{"rendered":"https:\/\/linitiative.ca\/International\/international-naples-fabian-ruiz-a-refuse-le-barca-et-le-real-madrid\/"},"modified":"2019-11-06T15:13:58","modified_gmt":"2019-11-06T20:13:58","slug":"international-naples-fabian-ruiz-a-refuse-le-barca-et-le-real-madrid","status":"publish","type":"post","link":"https:\/\/linitiative.ca\/International\/international-naples-fabian-ruiz-a-refuse-le-barca-et-le-real-madrid\/","title":{"rendered":"International : Naples : Fabian Ruiz a refus\u00e9 le Bar\u00e7a et le Real Madrid !"},"content":{"rendered":"<div readability=\"32\">\n<p>Auteur : <span class=\"time\">mercredi 06 novembre 2019 15:30<\/span><\/p>\n<\/div>\n<div id=\"post_core\" readability=\"42\">\n<p>D\u2019apr\u00e8s la Gazzetta dello Sport et Sport, le mvp du dernier Euro des moins de 20 ans avec l\u2019Espagne pourrait se voir proposer un contrat d\u2019une ann\u00e9e suppl\u00e9mentaire par les dirigeants du club napolitain. En cas de concr\u00e9tisation, il serait li\u00e9 au club jusqu\u2019en 2024 assortie d\u2019une augmentation salariale, \u00e0 hauteur de 3,2 millions d\u2019euros net annuels hors bonus. Au m\u00eame moment, la direction Partenopei pense inclure une clause lib\u00e9ratoire de 120 millions d\u2019euros.<\/p>\n<p><strong>Publi\u00e9 dans :<\/strong> <span>bar\u00e7a<\/span> <span>Real<\/span> <span>Naples<\/span> <span>Fabian Ruiz<\/span><\/p>\n<\/div>\n<p>Auteur:<br \/>\n<a href=\"http:\/\/www.lebuteur.com\/article\/detail?titre=naples-fabian-ruiz-a-refuse-le-barca-et-le-real-madrid&#038;id=92782&#038;utm_source=feedburner&#038;utm_medium=feed&#038;utm_campaign=Feed%3A+GalerieFArtciles+%28Les+derniers+articles++-+lebuteur.com%29\">Cliquez ici pour lire l&rsquo;article depuis sa source.<\/a><\/p>\n","protected":false},"excerpt":{"rendered":"<p>Auteur : mercredi 06 novembre 2019 15:30 D\u2019apr\u00e8s la Gazzetta dello Sport et Sport, le mvp du dernier Euro des moins de 20 ans avec l\u2019Espagne pourrait se voir proposer un contrat d\u2019une ann\u00e9e suppl\u00e9mentaire par les dirigeants du club napolitain. En cas de concr\u00e9tisation, il serait li\u00e9 au club jusqu\u2019en 2024 assortie d\u2019une augmentation [&hellip;]<\/p>\n","protected":false},"author":1738,"featured_media":66701,"comment_status":"closed","ping_status":"closed","sticky":false,"template":"","format":"standard","meta":{"fifu_image_url":"","fifu_image_alt":"","footnotes":""},"categories":[53,75],"tags":[],"class_list":["post-66700","post","type-post","status-publish","format-standard","has-post-thumbnail","hentry","category-algerie","category-sport"],"_links":{"self":[{"href":"https:\/\/linitiative.ca\/International\/wp-json\/wp\/v2\/posts\/66700","targetHints":{"allow":["GET"]}}],"collection":[{"href":"https:\/\/linitiative.ca\/International\/wp-json\/wp\/v2\/posts"}],"about":[{"href":"https:\/\/linitiative.ca\/International\/wp-json\/wp\/v2\/types\/post"}],"author":[{"embeddable":true,"href":"https:\/\/linitiative.ca\/International\/wp-json\/wp\/v2\/users\/1738"}],"replies":[{"embeddable":true,"href":"https:\/\/linitiative.ca\/International\/wp-json\/wp\/v2\/comments?post=66700"}],"version-history":[{"count":0,"href":"https:\/\/linitiative.ca\/International\/wp-json\/wp\/v2\/posts\/66700\/revisions"}],"wp:featuredmedia":[{"embeddable":true,"href":"https:\/\/linitiative.ca\/International\/wp-json\/"}],"wp:attachment":[{"href":"https:\/\/linitiative.ca\/International\/wp-json\/wp\/v2\/media?parent=66700"}],"wp:term":[{"taxonomy":"category","embeddable":true,"href":"https:\/\/linitiative.ca\/International\/wp-json\/wp\/v2\/categories?post=66700"},{"taxonomy":"post_tag","embeddable":true,"href":"https:\/\/linitiative.ca\/International\/wp-json\/wp\/v2\/tags?post=66700"}],"curies":[{"name":"wp","href":"https:\/\/api.w.org\/{rel}","templated":true}]}}