{"id":66704,"date":"2019-11-06T15:14:02","date_gmt":"2019-11-06T20:14:02","guid":{"rendered":"https:\/\/linitiative.ca\/International\/pros-la-roma-revient-a-la-charge-pour-atal\/"},"modified":"2019-11-06T15:14:02","modified_gmt":"2019-11-06T20:14:02","slug":"pros-la-roma-revient-a-la-charge-pour-atal","status":"publish","type":"post","link":"https:\/\/linitiative.ca\/International\/pros-la-roma-revient-a-la-charge-pour-atal\/","title":{"rendered":"Pros : La Roma revient \u00e0 la charge pour Atal"},"content":{"rendered":"<div readability=\"32\">\n<p>Auteur : <span>S.F.<\/span> <span class=\"time\">mercredi 06 novembre 2019 18:16<\/span><\/p>\n<\/div>\n<div id=\"post_core\" readability=\"51\">\n<p>Selon plusieurs m\u00e9dias italiens, le club de l\u2019AS Rome continue de suivre de tr\u00e8s pr\u00e8s l\u2019international alg\u00e9rien de l\u2019OGC Nice, en l\u2019occurrence, Youcef Atal. Les dirigeants du club de la capitale italienne, d\u00e9j\u00e0 convaincus par le talent de l\u2019ancien joueur du Paradou pr\u00e9pareraient \u00e0 cet effet une offre \u00e0 formuler \u00e0 leurs homologues de Nice en vue d\u2019un possible transfert cet hiver ou m\u00eame l\u2019\u00e9t\u00e9 prochain. La mission s\u2019annonce compliqu\u00e9e quand on sait que le pr\u00e9sident Ni\u00e7ois, Jean Pierre Riv\u00e8re a d\u00e9clar\u00e9 ceci r\u00e9cemment \u00e0 RMC Sport : \u00ab Non, il ne partira pas cet hiver. Et je vais m\u00eame vous dire, il n\u2019est pas pr\u00e9vu qu\u2019il parte l\u2019\u00e9t\u00e9 prochain \u00bb, a-t-il pr\u00e9cis\u00e9 avant d\u2019ajouter : \u00ab Notre objectif est de prendre des jeunes talentueux, de les faire grandir, de les faire progresser, a-t-il poursuivi. Et sans manquer de respect \u00e0 personne, ce n\u2019est pas pour les vendre \u00e0 Newcastle ou des clubs comme \u00e7a, non, on les garde chez nous. Apr\u00e8s, si un jour des clubs comme le Real Madrid ou le Bayern viennent, alors oui il sera difficile de les retenir. Mais notre objectif n\u2019est pas de faire du trading de joueurs. \u00bb<\/p>\n<p><strong>Publi\u00e9 dans :<\/strong> <span>Atal<\/span><\/p>\n<\/div>\n<p>Auteur:<br \/>\n<a href=\"http:\/\/www.lebuteur.com\/article\/detail?titre=la-roma-revient-a-la-charge-pour-atal&#038;id=92784&#038;utm_source=feedburner&#038;utm_medium=feed&#038;utm_campaign=Feed%3A+GalerieFArtciles+%28Les+derniers+articles++-+lebuteur.com%29\">Cliquez ici pour lire l&rsquo;article depuis sa source.<\/a><\/p>\n","protected":false},"excerpt":{"rendered":"<p>Auteur : S.F. mercredi 06 novembre 2019 18:16 Selon plusieurs m\u00e9dias italiens, le club de l\u2019AS Rome continue de suivre de tr\u00e8s pr\u00e8s l\u2019international alg\u00e9rien de l\u2019OGC Nice, en l\u2019occurrence, Youcef Atal. Les dirigeants du club de la capitale italienne, d\u00e9j\u00e0 convaincus par le talent de l\u2019ancien joueur du Paradou pr\u00e9pareraient \u00e0 cet effet une [&hellip;]<\/p>\n","protected":false},"author":1738,"featured_media":66705,"comment_status":"closed","ping_status":"closed","sticky":false,"template":"","format":"standard","meta":{"fifu_image_url":"","fifu_image_alt":"","footnotes":""},"categories":[53,75],"tags":[],"class_list":["post-66704","post","type-post","status-publish","format-standard","has-post-thumbnail","hentry","category-algerie","category-sport"],"_links":{"self":[{"href":"https:\/\/linitiative.ca\/International\/wp-json\/wp\/v2\/posts\/66704","targetHints":{"allow":["GET"]}}],"collection":[{"href":"https:\/\/linitiative.ca\/International\/wp-json\/wp\/v2\/posts"}],"about":[{"href":"https:\/\/linitiative.ca\/International\/wp-json\/wp\/v2\/types\/post"}],"author":[{"embeddable":true,"href":"https:\/\/linitiative.ca\/International\/wp-json\/wp\/v2\/users\/1738"}],"replies":[{"embeddable":true,"href":"https:\/\/linitiative.ca\/International\/wp-json\/wp\/v2\/comments?post=66704"}],"version-history":[{"count":0,"href":"https:\/\/linitiative.ca\/International\/wp-json\/wp\/v2\/posts\/66704\/revisions"}],"wp:featuredmedia":[{"embeddable":true,"href":"https:\/\/linitiative.ca\/International\/wp-json\/"}],"wp:attachment":[{"href":"https:\/\/linitiative.ca\/International\/wp-json\/wp\/v2\/media?parent=66704"}],"wp:term":[{"taxonomy":"category","embeddable":true,"href":"https:\/\/linitiative.ca\/International\/wp-json\/wp\/v2\/categories?post=66704"},{"taxonomy":"post_tag","embeddable":true,"href":"https:\/\/linitiative.ca\/International\/wp-json\/wp\/v2\/tags?post=66704"}],"curies":[{"name":"wp","href":"https:\/\/api.w.org\/{rel}","templated":true}]}}