{"id":66706,"date":"2019-11-06T15:14:04","date_gmt":"2019-11-06T20:14:04","guid":{"rendered":"https:\/\/linitiative.ca\/International\/pros-schalke-04-bonne-nouvelle-pour-bentaleb-2\/"},"modified":"2019-11-06T15:14:04","modified_gmt":"2019-11-06T20:14:04","slug":"pros-schalke-04-bonne-nouvelle-pour-bentaleb-2","status":"publish","type":"post","link":"https:\/\/linitiative.ca\/International\/pros-schalke-04-bonne-nouvelle-pour-bentaleb-2\/","title":{"rendered":"Pros : Schalke 04: Bonne nouvelle pour Bentaleb"},"content":{"rendered":"<div readability=\"32\">\n<p>Auteur : <span>S.F.<\/span> <span class=\"time\">mercredi 06 novembre 2019 18:17<\/span><\/p>\n<\/div>\n<div id=\"post_core\" readability=\"43\">\n<p>Apr\u00e8s une pr\u00e9-saison compl\u00e8tement perturb\u00e9e, d\u2019abord en raison du souhait de son club, Schalke 04 de le transf\u00e9rer puis apr\u00e8s, en raison d\u2019une blessure compliqu\u00e9e au genou, l\u2019international alg\u00e9rien, Nabil Bentaleb, qui est finalement rest\u00e9 au club Bleu et blanc (Son transfert au Werder Br\u00eame a capot\u00e9), a \u00e9t\u00e9 contraint de subir une intervention chirurgicale au niveau de ce genou au tout d\u00e9but du mois de septembre. Deux mois plus tard et d\u00e9sormais totalement gu\u00e9ri, l\u2019ancien soci\u00e9taire de Tottenham a repris hier le chemin de l\u2019entrainement collectif. Une bonne nouvelle pour le joueur qui souhaite rebondir d\u00e9sormais et pourquoi pas retrouver la s\u00e9lection nationale dans un avenir proche.<\/p>\n<p><strong>Publi\u00e9 dans :<\/strong> <span>bentaleb<\/span><\/p>\n<\/div>\n<p>Auteur:<br \/>\n<a href=\"http:\/\/www.lebuteur.com\/article\/detail?titre=schalke-04-bonne-nouvelle-pour-bentaleb&#038;id=92785&#038;utm_source=feedburner&#038;utm_medium=feed&#038;utm_campaign=Feed%3A+GalerieFArtciles+%28Les+derniers+articles++-+lebuteur.com%29\">Cliquez ici pour lire l&rsquo;article depuis sa source.<\/a><\/p>\n","protected":false},"excerpt":{"rendered":"<p>Auteur : S.F. mercredi 06 novembre 2019 18:17 Apr\u00e8s une pr\u00e9-saison compl\u00e8tement perturb\u00e9e, d\u2019abord en raison du souhait de son club, Schalke 04 de le transf\u00e9rer puis apr\u00e8s, en raison d\u2019une blessure compliqu\u00e9e au genou, l\u2019international alg\u00e9rien, Nabil Bentaleb, qui est finalement rest\u00e9 au club Bleu et blanc (Son transfert au Werder Br\u00eame a capot\u00e9), [&hellip;]<\/p>\n","protected":false},"author":1738,"featured_media":66707,"comment_status":"closed","ping_status":"closed","sticky":false,"template":"","format":"standard","meta":{"fifu_image_url":"","fifu_image_alt":"","footnotes":""},"categories":[53,75],"tags":[],"class_list":["post-66706","post","type-post","status-publish","format-standard","has-post-thumbnail","hentry","category-algerie","category-sport"],"_links":{"self":[{"href":"https:\/\/linitiative.ca\/International\/wp-json\/wp\/v2\/posts\/66706","targetHints":{"allow":["GET"]}}],"collection":[{"href":"https:\/\/linitiative.ca\/International\/wp-json\/wp\/v2\/posts"}],"about":[{"href":"https:\/\/linitiative.ca\/International\/wp-json\/wp\/v2\/types\/post"}],"author":[{"embeddable":true,"href":"https:\/\/linitiative.ca\/International\/wp-json\/wp\/v2\/users\/1738"}],"replies":[{"embeddable":true,"href":"https:\/\/linitiative.ca\/International\/wp-json\/wp\/v2\/comments?post=66706"}],"version-history":[{"count":0,"href":"https:\/\/linitiative.ca\/International\/wp-json\/wp\/v2\/posts\/66706\/revisions"}],"wp:featuredmedia":[{"embeddable":true,"href":"https:\/\/linitiative.ca\/International\/wp-json\/"}],"wp:attachment":[{"href":"https:\/\/linitiative.ca\/International\/wp-json\/wp\/v2\/media?parent=66706"}],"wp:term":[{"taxonomy":"category","embeddable":true,"href":"https:\/\/linitiative.ca\/International\/wp-json\/wp\/v2\/categories?post=66706"},{"taxonomy":"post_tag","embeddable":true,"href":"https:\/\/linitiative.ca\/International\/wp-json\/wp\/v2\/tags?post=66706"}],"curies":[{"name":"wp","href":"https:\/\/api.w.org\/{rel}","templated":true}]}}