{"id":66708,"date":"2019-11-06T06:54:00","date_gmt":"2019-11-06T11:54:00","guid":{"rendered":"https:\/\/linitiative.ca\/International\/tindouf-developper-les-echanges-economiques-avec-lafrique\/"},"modified":"2019-11-06T06:54:00","modified_gmt":"2019-11-06T11:54:00","slug":"tindouf-developper-les-echanges-economiques-avec-lafrique","status":"publish","type":"post","link":"https:\/\/linitiative.ca\/International\/tindouf-developper-les-echanges-economiques-avec-lafrique\/","title":{"rendered":"Tindouf : d\u00e9velopper les \u00e9changes \u00e9conomiques avec l\u2019Afrique"},"content":{"rendered":"<p>Outre la participation alg\u00e9rienne, sont attendus \u00e0 compter du 17 novembre plusieurs op\u00e9rateurs de pays africains, \u00e0 l\u2019instar de la Mauritanie, du S\u00e9n\u00e9gal, du Mali, du Niger et de la R\u00e9publique arabe sahraouie d\u00e9mocratique \u00e0 la manifestation \u00e9conomique \u00ab\u00a0El-Mouggar\u00a0\u00bb.<\/p>\n<p>La manifestation offre un cadre de promotion des \u00e9changes commerciaux et une plateforme logistique au niveau de la wilaya de Tindouf avec toutes les conditions de stockage et de transport de marchandises, ainsi que de gestion des proc\u00e9dures douani\u00e8res aff\u00e9rentes, en plus d\u2019assurer des recettes \u00e0 la commune de Tindouf, a expliqu\u00e9 le directeur de la Chambre de commerce et d\u2019Industrie \u00ab\u00a0Tafakoumt\u00a0\u00bb, Abdela\u00e2li Zini. Elle vise aussi \u00e0 promouvoir la production nationale \u00e0 l\u2019export et \u00e0 conclure des accords de coop\u00e9ration. Cette perspective est d\u2019autant plus confort\u00e9e par l\u2019ouverture du poste frontalier terrestre alg\u00e9ro-mauritanien \u00ab\u00a0Chahid Mustapha Benboulaid\u00a0\u00bb.<\/p>\n<p><strong>R\u00e9daction Web<\/strong><\/p>\n<p>Auteur: elmoudjahid<br \/>\n<a href=\"http:\/\/www.elmoudjahid.com\/fr\/actualites\/144118\">Cliquez ici pour lire l&rsquo;article depuis sa source.<\/a><\/p>\n","protected":false},"excerpt":{"rendered":"<p>Outre la participation alg\u00e9rienne, sont attendus \u00e0 compter du 17 novembre plusieurs op\u00e9rateurs de pays africains, \u00e0 l\u2019instar de la Mauritanie, du S\u00e9n\u00e9gal, du Mali, du Niger et de la R\u00e9publique arabe sahraouie d\u00e9mocratique \u00e0 la manifestation \u00e9conomique \u00ab\u00a0El-Mouggar\u00a0\u00bb. La manifestation offre un cadre de promotion des \u00e9changes commerciaux et une plateforme logistique au niveau [&hellip;]<\/p>\n","protected":false},"author":1744,"featured_media":0,"comment_status":"closed","ping_status":"closed","sticky":false,"template":"","format":"standard","meta":{"fifu_image_url":"","fifu_image_alt":"","footnotes":""},"categories":[73,53],"tags":[],"class_list":["post-66708","post","type-post","status-publish","format-standard","hentry","category-actualite","category-algerie"],"_links":{"self":[{"href":"https:\/\/linitiative.ca\/International\/wp-json\/wp\/v2\/posts\/66708","targetHints":{"allow":["GET"]}}],"collection":[{"href":"https:\/\/linitiative.ca\/International\/wp-json\/wp\/v2\/posts"}],"about":[{"href":"https:\/\/linitiative.ca\/International\/wp-json\/wp\/v2\/types\/post"}],"author":[{"embeddable":true,"href":"https:\/\/linitiative.ca\/International\/wp-json\/wp\/v2\/users\/1744"}],"replies":[{"embeddable":true,"href":"https:\/\/linitiative.ca\/International\/wp-json\/wp\/v2\/comments?post=66708"}],"version-history":[{"count":0,"href":"https:\/\/linitiative.ca\/International\/wp-json\/wp\/v2\/posts\/66708\/revisions"}],"wp:attachment":[{"href":"https:\/\/linitiative.ca\/International\/wp-json\/wp\/v2\/media?parent=66708"}],"wp:term":[{"taxonomy":"category","embeddable":true,"href":"https:\/\/linitiative.ca\/International\/wp-json\/wp\/v2\/categories?post=66708"},{"taxonomy":"post_tag","embeddable":true,"href":"https:\/\/linitiative.ca\/International\/wp-json\/wp\/v2\/tags?post=66708"}],"curies":[{"name":"wp","href":"https:\/\/api.w.org\/{rel}","templated":true}]}}