{"id":66709,"date":"2019-11-06T06:54:00","date_gmt":"2019-11-06T11:54:00","guid":{"rendered":"https:\/\/linitiative.ca\/International\/financement-du-projet-de-numerisation-des-structures-du-ministere-de-lagriculture\/"},"modified":"2019-11-06T06:54:00","modified_gmt":"2019-11-06T11:54:00","slug":"financement-du-projet-de-numerisation-des-structures-du-ministere-de-lagriculture","status":"publish","type":"post","link":"https:\/\/linitiative.ca\/International\/financement-du-projet-de-numerisation-des-structures-du-ministere-de-lagriculture\/","title":{"rendered":"Financement du projet de num\u00e9risation des structures du minist\u00e8re de l&rsquo;Agriculture"},"content":{"rendered":"<p>La ministre de la Poste, des T\u00e9l\u00e9communication, des Technologies et du Num\u00e9rique, Imane Houda Feraoune a supervis\u00e9, mardi \u00e0 Alger, en compagnie du ministre de l&rsquo;Agriculture, du D\u00e9veloppement rural et de la P\u00eache, Ch\u00e9rif Omari, la c\u00e9r\u00e9monie de signature d&rsquo;un accord relatif au financement du projet de num\u00e9risation des structures du minist\u00e8re de l&rsquo;Agriculture \u00e0 travers \u00ab\u00a0le Fonds d&rsquo;appropriation et de d\u00e9veloppement des technologies de l&rsquo;information et de la communication (TIC) et redistribution du spectre des fr\u00e9quences radio\u00e9lectriques\u00a0\u00bb.<\/p>\n<p>Selon les clauses de l&rsquo;accord, le minist\u00e8re de la Poste accompagnera le minist\u00e8re de l&rsquo;Agriculture lors des diff\u00e9rentes phases de r\u00e9alisation, depuis l&rsquo;\u00e9tude pr\u00e9liminaire jusqu&rsquo;\u00e0 sa r\u00e9ception d\u00e9finitive. La num\u00e9risation permettra d&rsquo;augmenter la rentabilit\u00e9 des diff\u00e9rentes structures et \u00e9tablissements sous la tutelle du minist\u00e8re et r\u00e9duira les charges administratives. Ce projet devrait doter le minist\u00e8re de l&rsquo;Agriculture par un syst\u00e8me informatique s\u00e9curis\u00e9 et fiable, permettant le d\u00e9veloppement des services \u00e9lectroniques.<\/p>\n<p><strong>R\u00e9daction Web<\/strong><\/p>\n<p>Auteur: elmoudjahid<br \/>\n<a href=\"http:\/\/www.elmoudjahid.com\/fr\/actualites\/144119\">Cliquez ici pour lire l&rsquo;article depuis sa source.<\/a><\/p>\n","protected":false},"excerpt":{"rendered":"<p>La ministre de la Poste, des T\u00e9l\u00e9communication, des Technologies et du Num\u00e9rique, Imane Houda Feraoune a supervis\u00e9, mardi \u00e0 Alger, en compagnie du ministre de l&rsquo;Agriculture, du D\u00e9veloppement rural et de la P\u00eache, Ch\u00e9rif Omari, la c\u00e9r\u00e9monie de signature d&rsquo;un accord relatif au financement du projet de num\u00e9risation des structures du minist\u00e8re de l&rsquo;Agriculture \u00e0 [&hellip;]<\/p>\n","protected":false},"author":1744,"featured_media":0,"comment_status":"closed","ping_status":"closed","sticky":false,"template":"","format":"standard","meta":{"fifu_image_url":"","fifu_image_alt":"","footnotes":""},"categories":[73,53],"tags":[],"class_list":["post-66709","post","type-post","status-publish","format-standard","hentry","category-actualite","category-algerie"],"_links":{"self":[{"href":"https:\/\/linitiative.ca\/International\/wp-json\/wp\/v2\/posts\/66709","targetHints":{"allow":["GET"]}}],"collection":[{"href":"https:\/\/linitiative.ca\/International\/wp-json\/wp\/v2\/posts"}],"about":[{"href":"https:\/\/linitiative.ca\/International\/wp-json\/wp\/v2\/types\/post"}],"author":[{"embeddable":true,"href":"https:\/\/linitiative.ca\/International\/wp-json\/wp\/v2\/users\/1744"}],"replies":[{"embeddable":true,"href":"https:\/\/linitiative.ca\/International\/wp-json\/wp\/v2\/comments?post=66709"}],"version-history":[{"count":0,"href":"https:\/\/linitiative.ca\/International\/wp-json\/wp\/v2\/posts\/66709\/revisions"}],"wp:attachment":[{"href":"https:\/\/linitiative.ca\/International\/wp-json\/wp\/v2\/media?parent=66709"}],"wp:term":[{"taxonomy":"category","embeddable":true,"href":"https:\/\/linitiative.ca\/International\/wp-json\/wp\/v2\/categories?post=66709"},{"taxonomy":"post_tag","embeddable":true,"href":"https:\/\/linitiative.ca\/International\/wp-json\/wp\/v2\/tags?post=66709"}],"curies":[{"name":"wp","href":"https:\/\/api.w.org\/{rel}","templated":true}]}}