{"id":66710,"date":"2019-11-06T08:23:00","date_gmt":"2019-11-06T13:23:00","guid":{"rendered":"https:\/\/linitiative.ca\/International\/ministere-de-la-communication-mme-taieb-ezzraimi-nouvelle-secretaire-generale\/"},"modified":"2019-11-06T08:23:00","modified_gmt":"2019-11-06T13:23:00","slug":"ministere-de-la-communication-mme-taieb-ezzraimi-nouvelle-secretaire-generale","status":"publish","type":"post","link":"https:\/\/linitiative.ca\/International\/ministere-de-la-communication-mme-taieb-ezzraimi-nouvelle-secretaire-generale\/","title":{"rendered":"Minist\u00e8re de la Communication :  Mme Taieb-Ezzraimi nouvelle Secr\u00e9taire G\u00e9n\u00e9rale"},"content":{"rendered":"<div>Mme Fatma-Zohra Taieb-Ezzraimi a \u00e9t\u00e9 install\u00e9e hier mardi au poste de secr\u00e9taire g\u00e9n\u00e9rale du minist\u00e8re de la Communication en remplacement de M. Abdelkader Lalmi.<img loading=\"lazy\" decoding=\"async\" src=\"http:\/\/feeds.feedburner.com\/~r\/ElmoudjahidArticles\/~4\/torFLtRU49g\" height=\"1\" width=\"1\" alt=\"\"><\/div>\n<p>Auteur: elmoudjahid<br \/>\n<a href=\"http:\/\/www.elmoudjahid.com\/fr\/actualites\/144120\">Cliquez ici pour lire l&rsquo;article depuis sa source.<\/a><\/p>\n","protected":false},"excerpt":{"rendered":"<p>Mme Fatma-Zohra Taieb-Ezzraimi a \u00e9t\u00e9 install\u00e9e hier mardi au poste de secr\u00e9taire g\u00e9n\u00e9rale du minist\u00e8re de la Communication en remplacement de M. Abdelkader Lalmi. Auteur: elmoudjahid Cliquez ici pour lire l&rsquo;article depuis sa source.<\/p>\n","protected":false},"author":1744,"featured_media":0,"comment_status":"closed","ping_status":"closed","sticky":false,"template":"","format":"standard","meta":{"fifu_image_url":"","fifu_image_alt":"","footnotes":""},"categories":[73,53],"tags":[],"class_list":["post-66710","post","type-post","status-publish","format-standard","hentry","category-actualite","category-algerie"],"_links":{"self":[{"href":"https:\/\/linitiative.ca\/International\/wp-json\/wp\/v2\/posts\/66710","targetHints":{"allow":["GET"]}}],"collection":[{"href":"https:\/\/linitiative.ca\/International\/wp-json\/wp\/v2\/posts"}],"about":[{"href":"https:\/\/linitiative.ca\/International\/wp-json\/wp\/v2\/types\/post"}],"author":[{"embeddable":true,"href":"https:\/\/linitiative.ca\/International\/wp-json\/wp\/v2\/users\/1744"}],"replies":[{"embeddable":true,"href":"https:\/\/linitiative.ca\/International\/wp-json\/wp\/v2\/comments?post=66710"}],"version-history":[{"count":0,"href":"https:\/\/linitiative.ca\/International\/wp-json\/wp\/v2\/posts\/66710\/revisions"}],"wp:attachment":[{"href":"https:\/\/linitiative.ca\/International\/wp-json\/wp\/v2\/media?parent=66710"}],"wp:term":[{"taxonomy":"category","embeddable":true,"href":"https:\/\/linitiative.ca\/International\/wp-json\/wp\/v2\/categories?post=66710"},{"taxonomy":"post_tag","embeddable":true,"href":"https:\/\/linitiative.ca\/International\/wp-json\/wp\/v2\/tags?post=66710"}],"curies":[{"name":"wp","href":"https:\/\/api.w.org\/{rel}","templated":true}]}}